{"id":9209,"date":"2022-04-17T05:00:00","date_gmt":"2022-04-17T04:00:00","guid":{"rendered":"https:\/\/staging.24-7prayer.com\/?p=9209"},"modified":"2022-11-23T17:51:46","modified_gmt":"2022-11-23T17:51:46","slug":"ven-y-ve","status":"publish","type":"post","link":"https:\/\/staging.24-7prayer.com\/es\/ven-y-ve\/","title":{"rendered":"Ven y ve"},"content":{"rendered":"\n<div class=\"wp-block-buttons is-content-justification-center is-layout-flex wp-container-core-buttons-is-layout-a89b3969 wp-block-buttons-is-layout-flex\"><\/div>\n\n\n\n<iframe loading=\"lazy\" style=\"border-radius:12px\" src=\"https:\/\/open.spotify.com\/embed\/show\/6stSy5pU6jhldWvyb20Tew?utm_source=generator\" width=\"100%\" height=\"232\" frameborder=\"0\" allowfullscreen=\"\" allow=\"autoplay; clipboard-write; encrypted-media; fullscreen; picture-in-picture\"><\/iframe>\n\n\n\n<p>Hoy es domingo, 17 de abril \u00a1y es el Domingo de Resurrecci\u00f3n! \u00a1Cristo ha resucitado! \u00a1Ha resucitado de verdad! Este es un sabbat muy especial, por lo tanto hoy vamos a orar de una forma un poco distinta.<\/p>\n\n\n\n<h3 class=\"wp-block-heading\" id=\"haz-una-pausa\">Haz una pausa<\/h3>\n\n\n\n<p><strong><em><strong><em><strong><em><strong><em><strong><em>Ahora, al iniciar mi tiempo de oraci\u00f3n, hago una pausa para estar quieta; para respirar lentamente, para re-centrar mis sentidos, que se encuentran dispersos, delante de la presencia de Dios.<\/em><\/strong><\/em><\/strong><\/em><\/strong><\/em><\/strong><\/em><\/strong><\/p>\n\n\n\n<hr class=\"wp-block-separator has-css-opacity is-style-dots\"\/>\n\n\n\n<h5 class=\"has-text-align-center wp-block-heading\" id=\"haz-una-pausa-y-ora\"><em>Haz una pausa y ora<\/em><\/h5>\n\n\n\n<hr class=\"wp-block-separator has-css-opacity is-style-dots\"\/>\n\n\n\n<h3 class=\"wp-block-heading\" id=\"haz-una-pausa\">Oraci\u00f3n de Enfoque<\/h3>\n\n\n\n<p><em>Se\u00f1or: Vengo a ti, precisamente hoy, con una nueva esperanza. H\u00e1blame ahora mientras paso este tiempo contigo y deja que la realidad de tu resurrecci\u00f3n disipe la desesperaci\u00f3n y despierte el canto de amor de mi vida en ti.<\/em><\/p>\n\n\n\n<div style=\"height:59px\" aria-hidden=\"true\" class=\"wp-block-spacer\"><\/div>\n\n\n\n<h3 class=\"wp-block-heading\" id=\"regocijarse-y-reflexionar\">Regocijarse y Reflexionar<\/h3>\n\n\n\n<p>Hoy escojo regocijarme en el poder de Dios, uni\u00e9ndome a la alabanza ancestral de todo el pueblo de Dios en las palabras del Salmo 22.<\/p>\n\n\n\n<blockquote class=\"wp-block-quote is-layout-flow wp-block-quote-is-layout-flow\"><p>Toda la tierra reconocer\u00e1 al&nbsp;Se\u00f1or&nbsp;y regresar\u00e1 a \u00e9l;<br> &nbsp;&nbsp;&nbsp;&nbsp;todas las familias de las naciones se inclinar\u00e1n ante \u00e9l. <br>Pues el poder de la realeza pertenece al&nbsp;Se\u00f1or;<br> &nbsp;&nbsp;&nbsp;&nbsp;\u00e9l gobierna a todas las naciones. <br>Que los ricos de la tierra hagan fiesta y adoren.<br> &nbsp;&nbsp;&nbsp;&nbsp;Incl\u00ednense ante \u00e9l, todos los mortales,<br> &nbsp;&nbsp;&nbsp;&nbsp;aquellos cuya vida terminar\u00e1 como polvo. <br>Nuestros hijos tambi\u00e9n le servir\u00e1n;<br> &nbsp;&nbsp;&nbsp;&nbsp;las generaciones futuras oir\u00e1n de las maravillas del Se\u00f1or. <br>A los que a\u00fan no han nacido les contar\u00e1n de sus actos de justicia;<br> &nbsp;&nbsp;&nbsp;&nbsp;ellos oir\u00e1n de todo lo que \u00e9l ha hecho.<\/p><cite><strong><strong>Salmo 22:27-31 (NTV)<\/strong><\/strong><\/cite><\/blockquote>\n\n\n\n<hr class=\"wp-block-separator has-css-opacity is-style-dots\"\/>\n\n\n\n<h5 class=\"has-text-align-center wp-block-heading\" id=\"haz-una-pausa-y-ora\"><em>Haz una pausa y ora<\/em><\/h5>\n\n\n\n<hr class=\"wp-block-separator has-css-opacity is-style-dots\"\/>\n\n\n\n<p>Es el domingo despu\u00e9s de la muerte de Jes\u00fas, y hoy me uno a las mujeres que le han seguido fielmente en su camino hasta la cruz y la tumba. Aunque esta antigua historia es muy familiar, hoy trato de mirarla con ojos nuevos. Me imagino como una de las mujeres. Al acercarme a la tumba, \u00bfqu\u00e9 veo? \u00bfSombras que toman forma y color al salir el sol? \u00bfOigo a los p\u00e1jaros que despiertan el d\u00eda? A la luz de los \u00faltimos acontecimientos, \u00bfc\u00f3mo me siento?<\/p>\n\n\n\n<blockquote class=\"wp-block-quote is-layout-flow wp-block-quote-is-layout-flow\"><p>Despu\u00e9s del s\u00e1bado, al amanecer del primer d\u00eda de la semana, Mar\u00eda Magdalena y la otra Mar\u00eda fueron a ver el sepulcro. Sucedi\u00f3 que hubo un terremoto violento, porque un \u00e1ngel del Se\u00f1or baj\u00f3 del cielo y, acerc\u00e1ndose al sepulcro, quit\u00f3 la piedra y se sent\u00f3 sobre ella.&nbsp;Su aspecto era como el de un rel\u00e1mpago, y su ropa era blanca como la nieve.&nbsp;Los guardias tuvieron tanto miedo de \u00e9l que se pusieron a temblar y quedaron como muertos. <br><br>El \u00e1ngel dijo a las mujeres:<br><br> \u2015No teng\u00e1is miedo; s\u00e9 que busc\u00e1is a Jes\u00fas, el que fue crucificado.&nbsp;No est\u00e1 aqu\u00ed, pues ha resucitado, tal como dijo. Venid a ver el lugar donde lo pusieron.<\/p><cite><strong><strong><strong>Mateo 28:1-6 (NVI CST)<\/strong><\/strong><\/strong><\/cite><\/blockquote>\n\n\n\n<p>Supongo que las mujeres pensaron que iba a ser una ma\u00f1ana tranquila en la que podr\u00edan llorar en paz. En cambio, experimentan otro cataclismo.<br><br>El dolor, la p\u00e9rdida, la conmoci\u00f3n, el miedo y el temor; todo ello en cuesti\u00f3n de unos pocos latidos. Y luego esa declaraci\u00f3n que desaf\u00eda a la muerte: &#8220;No est\u00e1 aqu\u00ed; ha resucitado, tal como dijo. Venid y ved&#8221;.&nbsp;<br><br>Venid y ved.<br><br>Hoy me uno a esas mujeres y a la misionera estadounidense y escritora de himnos Fanny Crosby con este villancico de Pascua:<\/p>\n\n\n\n<blockquote class=\"wp-block-quote is-layout-flow wp-block-quote-is-layout-flow\"><p>Oh, la alegr\u00eda y la gloria <br>de la tierna historia de la Pascua, <br>\u00a1Cristo ha resucitado! \u00a1Cristo ha resucitado! <br>\u00bfOyes decir a los \u00e1ngeles? <br>Todas las campanas triunfantes lo tocan, <br>Todos los coros celestiales lo cantan, <br>Y los suaves c\u00e9firos lo hacen volar <br>por los cielos en este d\u00eda sagrado. &nbsp; <br><br>Oh, la maravillosa transformaci\u00f3n, <br>que realiza la salvaci\u00f3n del mundo. <br>Cristo, el Redentor crucificado, <br>una vez consignado a la m\u00e1s oscura penumbra, <br>Cambiando la sombra en esplendor, <br>Con su amor tan dulce y tierno, <br>Hijo de Dios, nuestro verdadero defensor, <br>Resucitando sin muerte del sepulcro. <br><br>Oh, la luz de la ma\u00f1ana de Pascua, <br>que adorna toda la tierra y el cielo. <br>Oh, qu\u00e9 descanso, qu\u00e9 alivio <br>es su santidad y su amor. <br>En mi coraz\u00f3n su paz est\u00e1 robando, <br>Como un suave b\u00e1lsamo de sanidad , <br>Cristo, mi Se\u00f1or resucitado, revelando, <br>Trono en la majestad de lo alto.* <\/p><cite>Fanny Crosby.<\/cite><\/blockquote>\n\n\n\n<div style=\"height:59px\" aria-hidden=\"true\" class=\"wp-block-spacer\"><\/div>\n\n\n\n<h3 class=\"wp-block-heading\" id=\"apelar-pedir\"><strong>Apelar \/ Pedir<\/strong><\/h3>\n\n\n\n<p><em>Padre Dios: gracias porque has dado a tu Hijo unig\u00e9nito, para que todo el que crea en \u00c9l no perezca, sino que tenga vida eterna. \u00a1\u00c9l ha resucitado! \u00a1He resucitado! \u00a1Aleluya!<\/em><\/p>\n\n\n\n<hr class=\"wp-block-separator has-css-opacity is-style-dots\"\/>\n\n\n\n<h5 class=\"has-text-align-center wp-block-heading\" id=\"haz-una-pausa-y-ora\"><em>Haz una pausa y ora<\/em><\/h5>\n\n\n\n<hr class=\"wp-block-separator has-css-opacity is-style-dots\"\/>\n\n\n\n<p><em>Jes\u00fas: t\u00fa eres el que vive; estabas muerto, y ahora mira, est\u00e1s vivo por los siglos de los siglos. Y he aqu\u00ed que haces nuevas todas las cosas. Has resucitado. \u00a1He resucitado! \u00a1Aleluya!<\/em><\/p>\n\n\n\n<hr class=\"wp-block-separator has-css-opacity is-style-dots\"\/>\n\n\n\n<h5 class=\"has-text-align-center wp-block-heading\" id=\"haz-una-pausa-y-ora\"><em>Haz una pausa y ora<\/em><\/h5>\n\n\n\n<hr class=\"wp-block-separator has-css-opacity is-style-dots\"\/>\n\n\n\n<p><em>Esp\u00edritu Santo: gracias porque T\u00fa, el mismo esp\u00edritu que resucit\u00f3 a Cristo Jes\u00fas de entre los muertos vive hoy en m\u00ed, dando vida a mi cuerpo mortal. \u00a1\u00c9l ha resucitado! \u00a1Yo he resucitado! \u00a1Aleluya!<\/em><\/p>\n\n\n\n<hr class=\"wp-block-separator has-css-opacity is-style-dots\"\/>\n\n\n\n<h5 class=\"has-text-align-center wp-block-heading\" id=\"haz-una-pausa-y-ora\"><em>Haz una pausa y ora<\/em><\/h5>\n\n\n\n<hr class=\"wp-block-separator has-css-opacity is-style-dots\"\/>\n\n\n\n<div style=\"height:28px\" aria-hidden=\"true\" class=\"wp-block-spacer\"><\/div>\n\n\n\n<h3 class=\"wp-block-heading\" id=\"oracion-de-rendicion\"><strong><strong>Bendici\u00f3n del Sabbat<\/strong><\/strong><\/h3>\n\n\n\n<p><strong>Padre, ay\u00fadame a vivir este d\u00eda al m\u00e1ximo, siendo aut\u00e9ntica contigo en todo.<\/strong><br><strong><em>Que este d\u00eda traiga el descanso del Sabbat a mi coraz\u00f3n y a mi hogar.<\/em><\/strong><br><strong><em>Que la imagen de Dios sea restaurada en m\u00ed, que mi imaginaci\u00f3n sea reformada en Dios.<\/em><\/strong><br><strong><em>Que la gravedad de las cosas materiales se aligere, y la relatividad del tiempo se ralentice.<\/em><\/strong><br><strong><em>Que conozca la gracia para poder abrazar mi propia peque\u00f1ez finita en los brazos de la grandeza infinita de Dios.<\/em><\/strong><br><strong><em>Que la Palabra de Dios me libere y su Esp\u00edritu me dirija en la semana que comienza y la vida que tengo por delante. **<\/em><\/strong><br><strong><em>Am\u00e9n<\/em><\/strong><\/p>\n\n\n\n<p>*Villancico de Cuaresma, Fanny Crosby. Musica compuesta por Charles Langley<\/p>\n\n\n\n<p>**Adaptaci\u00f3n de Sabbath Blessing de  Pete Greig, <a href=\"http:\/\/www.petegreig.info\/\">petegreig.info<\/a>&nbsp;<\/p>\n\n\n\n<p><\/p>\n\n\n\n<p><\/p>\n\n\n\n<p><\/p>\n","protected":false},"excerpt":{"rendered":"<p>Hoy es domingo, 17 de abril \u00a1y es el Domingo de Resurrecci\u00f3n! \u00a1Cristo ha resucitado! \u00a1Ha resucitado de verdad! Este es un sabbat muy especial, por lo tanto hoy vamos a orar de una forma un poco distinta. Haz una pausa Ahora, al iniciar mi tiempo de oraci\u00f3n, hago una pausa para estar quieta; para [&hellip;]<\/p>\n","protected":false},"author":216,"featured_media":8621,"comment_status":"closed","ping_status":"open","sticky":false,"template":"","format":"standard","meta":{"_acf_changed":false,"inline_featured_image":false,"footnotes":""},"categories":[369,206],"tags":[],"author_slug":[370],"blog_series":[383],"topic":[353],"class_list":["post-9209","post","type-post","status-publish","format-standard","has-post-thumbnail","hentry","category-lectio365","category-blog-es","author_slug-oracion-24-7","blog_series-la-pasion","topic-orar"],"acf":[],"_links":{"self":[{"href":"https:\/\/staging.24-7prayer.com\/es\/wp-json\/wp\/v2\/posts\/9209","targetHints":{"allow":["GET"]}}],"collection":[{"href":"https:\/\/staging.24-7prayer.com\/es\/wp-json\/wp\/v2\/posts"}],"about":[{"href":"https:\/\/staging.24-7prayer.com\/es\/wp-json\/wp\/v2\/types\/post"}],"author":[{"embeddable":true,"href":"https:\/\/staging.24-7prayer.com\/es\/wp-json\/wp\/v2\/users\/216"}],"replies":[{"embeddable":true,"href":"https:\/\/staging.24-7prayer.com\/es\/wp-json\/wp\/v2\/comments?post=9209"}],"version-history":[{"count":5,"href":"https:\/\/staging.24-7prayer.com\/es\/wp-json\/wp\/v2\/posts\/9209\/revisions"}],"predecessor-version":[{"id":34967,"href":"https:\/\/staging.24-7prayer.com\/es\/wp-json\/wp\/v2\/posts\/9209\/revisions\/34967"}],"wp:featuredmedia":[{"embeddable":true,"href":"https:\/\/staging.24-7prayer.com\/es\/wp-json\/wp\/v2\/media\/8621"}],"wp:attachment":[{"href":"https:\/\/staging.24-7prayer.com\/es\/wp-json\/wp\/v2\/media?parent=9209"}],"wp:term":[{"taxonomy":"category","embeddable":true,"href":"https:\/\/staging.24-7prayer.com\/es\/wp-json\/wp\/v2\/categories?post=9209"},{"taxonomy":"post_tag","embeddable":true,"href":"https:\/\/staging.24-7prayer.com\/es\/wp-json\/wp\/v2\/tags?post=9209"},{"taxonomy":"author_slug","embeddable":true,"href":"https:\/\/staging.24-7prayer.com\/es\/wp-json\/wp\/v2\/author_slug?post=9209"},{"taxonomy":"blog_series","embeddable":true,"href":"https:\/\/staging.24-7prayer.com\/es\/wp-json\/wp\/v2\/blog_series?post=9209"},{"taxonomy":"topic","embeddable":true,"href":"https:\/\/staging.24-7prayer.com\/es\/wp-json\/wp\/v2\/topic?post=9209"}],"curies":[{"name":"wp","href":"https:\/\/api.w.org\/{rel}","templated":true}]}}