{"id":9162,"date":"2022-04-14T05:00:00","date_gmt":"2022-04-14T04:00:00","guid":{"rendered":"https:\/\/staging.24-7prayer.com\/?p=9162"},"modified":"2022-04-13T21:45:50","modified_gmt":"2022-04-13T20:45:50","slug":"desamparado","status":"publish","type":"post","link":"https:\/\/staging.24-7prayer.com\/es\/desamparado\/","title":{"rendered":"Desamparado"},"content":{"rendered":"\n<div class=\"wp-block-buttons is-content-justification-center is-layout-flex wp-container-core-buttons-is-layout-a89b3969 wp-block-buttons-is-layout-flex\"><\/div>\n\n\n\n<iframe loading=\"lazy\" style=\"border-radius:12px\" src=\"https:\/\/open.spotify.com\/embed\/show\/6stSy5pU6jhldWvyb20Tew?utm_source=generator\" width=\"100%\" height=\"232\" frameborder=\"0\" allowfullscreen=\"\" allow=\"autoplay; clipboard-write; encrypted-media; fullscreen; picture-in-picture\"><\/iframe>\n\n\n\n<p>Hoy es jueves, 14 de abril, y esta semana estamos a los pies de la cruz, siendo testigos de la crucifixi\u00f3n de Jes\u00fas.<\/p>\n\n\n\n<h3 class=\"wp-block-heading\" id=\"haz-una-pausa\">Haz una pausa<\/h3>\n\n\n\n<p><strong><em><strong><em><strong><em><strong><em><strong><em>Ahora, al iniciar mi tiempo de oraci\u00f3n, hago una pausa para estar quieta; para respirar lentamente, para re-centrar mis sentidos, que se encuentran dispersos, delante de la presencia de Dios.<\/em><\/strong><\/em><\/strong><\/em><\/strong><\/em><\/strong><\/em><\/strong><\/p>\n\n\n\n<hr class=\"wp-block-separator is-style-dots\"\/>\n\n\n\n<h5 class=\"has-text-align-center wp-block-heading\" id=\"haz-una-pausa-y-ora\"><em>Haz una pausa y ora<\/em><\/h5>\n\n\n\n<hr class=\"wp-block-separator is-style-dots\"\/>\n\n\n\n<h3 class=\"wp-block-heading\" id=\"haz-una-pausa\">Oraci\u00f3n de Enfoque<\/h3>\n\n\n\n<p><em><em><em><em>Jes\u00fas, T\u00fa eres el camino, la verdad y la vida. A trav\u00e9s de esta \u00e9poca de Cuaresma, mientras medito en tu Santa Pasi\u00f3n, que mi amor sea reavivado, para que pueda vivir sacrificada y enteramente para Ti.<\/em><\/em><\/em><\/em><\/p>\n\n\n\n<div style=\"height:59px\" aria-hidden=\"true\" class=\"wp-block-spacer\"><\/div>\n\n\n\n<h3 class=\"wp-block-heading\" id=\"regocijarse-y-reflexionar\">Regocijarse y Reflexionar<\/h3>\n\n\n\n<p>Hoy escojo regocijarme en el poder de Dios, uni\u00e9ndome a la alabanza ancestral de todo el pueblo de Dios en las palabras del Salmo 22\u2026<\/p>\n\n\n\n<blockquote class=\"wp-block-quote is-layout-flow wp-block-quote-is-layout-flow\"><p>Sin embargo, t\u00fa eres santo;<br> &nbsp;&nbsp;&nbsp;&nbsp;est\u00e1s entronizado en las alabanzas de Israel. <br>Nuestros antepasados confiaron en ti,<br> &nbsp;&nbsp;&nbsp;&nbsp;y los rescataste. <br>Clamaron a ti, y los salvaste;<br> &nbsp;&nbsp;&nbsp;&nbsp;confiaron en ti y nunca fueron avergonzados.<\/p><cite><strong>Salmo 22:3-5 (NTV)<\/strong><\/cite><\/blockquote>\n\n\n\n<hr class=\"wp-block-separator is-style-dots\"\/>\n\n\n\n<h5 class=\"has-text-align-center wp-block-heading\" id=\"haz-una-pausa-y-ora\"><em>Haz una pausa y ora<\/em><\/h5>\n\n\n\n<hr class=\"wp-block-separator is-style-dots\"\/>\n\n\n\n<p>Jes\u00fas sufre abuso f\u00edsico a manos de los soldados. Sufre el abuso emocional de las burlas de los burlones. Pero el peor trauma est\u00e1 por llegar&#8230;<\/p>\n\n\n\n<blockquote class=\"wp-block-quote is-layout-flow wp-block-quote-is-layout-flow\"><p>Desde el mediod\u00eda y hasta la media tarde&nbsp;toda la tierra qued\u00f3 en oscuridad. Como a las tres de la tarde, Jes\u00fas grit\u00f3 con fuerza: <br><br>\u2015El\u00ed, El\u00ed,&nbsp;\u00bflama sabactani?&nbsp;(que significa: \u201cDios m\u00edo, Dios m\u00edo, \u00bfpor qu\u00e9 me has desamparado?\u201d).<br><br> Cuando le oyeron, algunos de los que estaban all\u00ed dijeron: <br><br>\u2015Est\u00e1 llamando a El\u00edas. <br><br>Al instante, uno de ellos corri\u00f3 en busca de una esponja. La empap\u00f3 en vinagre, la puso en una ca\u00f1a y se la ofreci\u00f3 a Jes\u00fas para que bebiera. Los dem\u00e1s dec\u00edan: <br><br>\u2015D\u00e9jale, a ver si viene El\u00edas a salvarle.<\/p><cite><strong><strong>Mateo 27:45-49 (NVI CST)<\/strong><\/strong><\/cite><\/blockquote>\n\n\n\n<p>Desamparado. En ese momento, retenido entre la tierra y el cielo por nuestro pecado y por Su amor, Jes\u00fas se siente abandonado. Jes\u00fas, que viv\u00eda en constante uni\u00f3n con su Padre, afirmando con confianza: &#8220;Yo y el Padre somos uno&#8221; (Juan 10:30), est\u00e1 colgado en la cruz, solo.&nbsp;<\/p>\n\n\n\n<div style=\"height:59px\" aria-hidden=\"true\" class=\"wp-block-spacer\"><\/div>\n\n\n\n<h3 class=\"wp-block-heading\" id=\"apelar-pedir\"><strong>Apelar \/ Pedir<\/strong><\/h3>\n\n\n\n<p>\u00bfAlguna vez me he sentido sola, especialmente en momentos de sufrimiento personal?\u00a0<br><br><em>Jes\u00fas: te entrego mi vac\u00edo, mi soledad, mi desolaci\u00f3n. Levanto mi lamento y me hago eco de tu grito: &#8220;Dios m\u00edo, Dios m\u00edo, \u00bfpor qu\u00e9 me has abandonado?&#8221;.<\/em><\/p>\n\n\n\n<hr class=\"wp-block-separator is-style-dots\"\/>\n\n\n\n<h5 class=\"has-text-align-center wp-block-heading\" id=\"haz-una-pausa-y-ora\"><em>Haz una pausa y ora<\/em><\/h5>\n\n\n\n<hr class=\"wp-block-separator is-style-dots\"\/>\n\n\n\n<p><em>Dios: te pido por los desamparados. Por las viudas y los viudos. Por los que han perdido hijos por enfermedad, accidente o suicidio. Por los que tienen relaciones rotas. En silencio, oro espec\u00edficamente por alguien que conozco y que se siente abandonado.<\/em><\/p>\n\n\n\n<hr class=\"wp-block-separator is-style-dots\"\/>\n\n\n\n<h5 class=\"has-text-align-center wp-block-heading\" id=\"haz-una-pausa-y-ora\"><em>Haz una pausa y ora<\/em><\/h5>\n\n\n\n<hr class=\"wp-block-separator is-style-dots\"\/>\n\n\n\n<h2 class=\"wp-block-heading\" id=\"rendirse\"><strong>Rendirs<\/strong>e<\/h2>\n\n\n\n<p><strong><em>Al volver al pasaje, abro mis o\u00eddos para escuchar tu Palabra, y mi coraz\u00f3n para rendirme a tu voluntad una vez m\u00e1s\u2026<\/em><\/strong><\/p>\n\n\n\n<blockquote class=\"wp-block-quote is-layout-flow wp-block-quote-is-layout-flow\"><p>Desde el mediod\u00eda y hasta la media tarde&nbsp;toda la tierra qued\u00f3 en oscuridad. Como a las tres de la tarde, Jes\u00fas grit\u00f3 con fuerza: <br><br>\u2015El\u00ed, El\u00ed,&nbsp;\u00bflama sabactani?&nbsp;(que significa: \u201cDios m\u00edo, Dios m\u00edo, \u00bfpor qu\u00e9 me has desamparado?\u201d).<br><br> Cuando le oyeron, algunos de los que estaban all\u00ed dijeron: <br><br>\u2015Est\u00e1 llamando a El\u00edas. <br><br>Al instante, uno de ellos corri\u00f3 en busca de una esponja. La empap\u00f3 en vinagre, la puso en una ca\u00f1a y se la ofreci\u00f3 a Jes\u00fas para que bebiera. Los dem\u00e1s dec\u00edan: <br><br>\u2015D\u00e9jale, a ver si viene El\u00edas a salvarle.<\/p><cite><strong><strong>Mateo 27:45-49 (NVI CST)<\/strong><\/strong><\/cite><\/blockquote>\n\n\n\n<p>Es interesante observar los diferentes tipos de personas que aparecen en esta historia: los que &#8220;intentan resolverlo&#8221;, los que ayudan y los observadores desapasionados. Cuando se trata del sufrimiento de otras personas, \u00bfcu\u00e1l soy yo?<\/p>\n\n\n\n<hr class=\"wp-block-separator is-style-dots\"\/>\n\n\n\n<h5 class=\"has-text-align-center wp-block-heading\" id=\"haz-una-pausa-y-ora\"><em>Haz una pausa y ora<\/em><\/h5>\n\n\n\n<hr class=\"wp-block-separator is-style-dots\"\/>\n\n\n\n<h3 class=\"wp-block-heading\" id=\"oracion-de-rendicion\"><strong>Oraci\u00f3n de Rendici\u00f3n<\/strong><\/h3>\n\n\n\n<p><em>Jes\u00fas: T\u00fa te unes a m\u00ed en mi sufrimiento. Dame el valor de unirme a otros en el suyo.&nbsp;<\/em><\/p>\n\n\n\n<h3 class=\"wp-block-heading\" id=\"oracion-de-rendicion\"><strong><strong>Promesa de Rendici\u00f3n<\/strong><\/strong><\/h3>\n\n\n\n<p>Y ahora, mientras me preparo para llevar este tiempo de oraci\u00f3n al d\u00eda que tengo por delante, el Se\u00f1or, que me ama, dice en Isa\u00edas 62:<\/p>\n\n\n\n<blockquote class=\"wp-block-quote is-layout-flow wp-block-quote-is-layout-flow\"><p>Ya no te llamar\u00e1n \u00abAbandonada\u00bb,<br> &nbsp;&nbsp;&nbsp;&nbsp;ni a tu tierra la llamar\u00e1n \u00abDesolada\u00bb, <br>sino que ser\u00e1s llamada \u00abMi deleite\u00bb;<br> &nbsp;&nbsp;&nbsp;&nbsp;tu tierra se llamar\u00e1 \u00abMi esposa\u00bb; <br>porque el&nbsp;Se\u00f1or&nbsp;se deleitar\u00e1 en ti,<br> &nbsp;&nbsp;&nbsp;&nbsp;y tu tierra tendr\u00e1 esposo.<\/p><cite><strong>\u00c9xodo 33:19 (NVI CST)<\/strong><\/cite><\/blockquote>\n\n\n\n<div style=\"height:28px\" aria-hidden=\"true\" class=\"wp-block-spacer\"><\/div>\n\n\n\n<h3 class=\"wp-block-heading\" id=\"oracion-de-rendicion\"><strong>Oraci\u00f3n para concluir<\/strong><\/h3>\n\n\n\n<p><strong>Padre, ay\u00fadame a vivir este d\u00eda al m\u00e1ximo, siendo aut\u00e9ntica contigo en todo. <\/strong><br><strong>Jes\u00fas, ay\u00fadame a darme a los dem\u00e1s, siendo amable con toda la gente con la que me encuentre. <\/strong><br><strong>Esp\u00edritu, ay\u00fadame a amar a la gente que se encuentra perdida, proclamando a Cristo en todo lo que digo y hago.&nbsp;<br>Am\u00e9n.<\/strong><\/p>\n","protected":false},"excerpt":{"rendered":"<p>Hoy es jueves, 14 de abril, y esta semana estamos a los pies de la cruz, siendo testigos de la crucifixi\u00f3n de Jes\u00fas. Haz una pausa Ahora, al iniciar mi tiempo de oraci\u00f3n, hago una pausa para estar quieta; para respirar lentamente, para re-centrar mis sentidos, que se encuentran dispersos, delante de la presencia de [&hellip;]<\/p>\n","protected":false},"author":216,"featured_media":8621,"comment_status":"closed","ping_status":"open","sticky":false,"template":"","format":"standard","meta":{"_acf_changed":false,"inline_featured_image":false,"footnotes":""},"categories":[369,206],"tags":[],"author_slug":[370],"blog_series":[383],"topic":[353],"class_list":["post-9162","post","type-post","status-publish","format-standard","has-post-thumbnail","hentry","category-lectio365","category-blog-es","author_slug-oracion-24-7","blog_series-la-pasion","topic-orar"],"acf":[],"_links":{"self":[{"href":"https:\/\/staging.24-7prayer.com\/es\/wp-json\/wp\/v2\/posts\/9162","targetHints":{"allow":["GET"]}}],"collection":[{"href":"https:\/\/staging.24-7prayer.com\/es\/wp-json\/wp\/v2\/posts"}],"about":[{"href":"https:\/\/staging.24-7prayer.com\/es\/wp-json\/wp\/v2\/types\/post"}],"author":[{"embeddable":true,"href":"https:\/\/staging.24-7prayer.com\/es\/wp-json\/wp\/v2\/users\/216"}],"replies":[{"embeddable":true,"href":"https:\/\/staging.24-7prayer.com\/es\/wp-json\/wp\/v2\/comments?post=9162"}],"version-history":[{"count":3,"href":"https:\/\/staging.24-7prayer.com\/es\/wp-json\/wp\/v2\/posts\/9162\/revisions"}],"predecessor-version":[{"id":9213,"href":"https:\/\/staging.24-7prayer.com\/es\/wp-json\/wp\/v2\/posts\/9162\/revisions\/9213"}],"wp:featuredmedia":[{"embeddable":true,"href":"https:\/\/staging.24-7prayer.com\/es\/wp-json\/wp\/v2\/media\/8621"}],"wp:attachment":[{"href":"https:\/\/staging.24-7prayer.com\/es\/wp-json\/wp\/v2\/media?parent=9162"}],"wp:term":[{"taxonomy":"category","embeddable":true,"href":"https:\/\/staging.24-7prayer.com\/es\/wp-json\/wp\/v2\/categories?post=9162"},{"taxonomy":"post_tag","embeddable":true,"href":"https:\/\/staging.24-7prayer.com\/es\/wp-json\/wp\/v2\/tags?post=9162"},{"taxonomy":"author_slug","embeddable":true,"href":"https:\/\/staging.24-7prayer.com\/es\/wp-json\/wp\/v2\/author_slug?post=9162"},{"taxonomy":"blog_series","embeddable":true,"href":"https:\/\/staging.24-7prayer.com\/es\/wp-json\/wp\/v2\/blog_series?post=9162"},{"taxonomy":"topic","embeddable":true,"href":"https:\/\/staging.24-7prayer.com\/es\/wp-json\/wp\/v2\/topic?post=9162"}],"curies":[{"name":"wp","href":"https:\/\/api.w.org\/{rel}","templated":true}]}}