{"id":9154,"date":"2022-04-12T05:00:00","date_gmt":"2022-04-12T04:00:00","guid":{"rendered":"https:\/\/staging.24-7prayer.com\/?p=9154"},"modified":"2022-04-11T13:00:58","modified_gmt":"2022-04-11T12:00:58","slug":"amor-que-se-da-a-si-mismo","status":"publish","type":"post","link":"https:\/\/staging.24-7prayer.com\/es\/amor-que-se-da-a-si-mismo\/","title":{"rendered":"Amor que se da a s\u00ed mismo"},"content":{"rendered":"\n<div class=\"wp-block-buttons is-content-justification-center is-layout-flex wp-container-core-buttons-is-layout-a89b3969 wp-block-buttons-is-layout-flex\"><\/div>\n\n\n\n<iframe loading=\"lazy\" style=\"border-radius:12px\" src=\"https:\/\/open.spotify.com\/embed\/show\/6stSy5pU6jhldWvyb20Tew?utm_source=generator\" width=\"100%\" height=\"232\" frameborder=\"0\" allowfullscreen=\"\" allow=\"autoplay; clipboard-write; encrypted-media; fullscreen; picture-in-picture\"><\/iframe>\n\n\n\n<p>Hoy es martes, 12 de abril. Esta semana nos unimos a Jes\u00fas en su crucifixi\u00f3n y resurrecci\u00f3n, seg\u00fan lo narra el evangelio de Mateo.<\/p>\n\n\n\n<h3 class=\"wp-block-heading\" id=\"haz-una-pausa\">Haz una pausa<\/h3>\n\n\n\n<p><strong><em><strong><em><strong><em><strong><em><strong><em>Ahora, al iniciar mi tiempo de oraci\u00f3n, hago una pausa para estar quieta; para respirar lentamente, para re-centrar mis sentidos, que se encuentran dispersos, delante de la presencia de Dios.<\/em><\/strong><\/em><\/strong><\/em><\/strong><\/em><\/strong><\/em><\/strong><\/p>\n\n\n\n<hr class=\"wp-block-separator is-style-dots\"\/>\n\n\n\n<h5 class=\"has-text-align-center wp-block-heading\" id=\"haz-una-pausa-y-ora\"><em>Haz una pausa y ora<\/em><\/h5>\n\n\n\n<hr class=\"wp-block-separator is-style-dots\"\/>\n\n\n\n<h3 class=\"wp-block-heading\" id=\"haz-una-pausa\">Oraci\u00f3n de Enfoque<\/h3>\n\n\n\n<p><em><em><em><em>Jes\u00fas, T\u00fa eres el camino, la verdad y la vida. A trav\u00e9s de esta \u00e9poca de Cuaresma, mientras medito en tu Santa Pasi\u00f3n, que mi amor sea reavivado, para que pueda vivir sacrificada y enteramente para Ti.<\/em><\/em><\/em><\/em><\/p>\n\n\n\n<div style=\"height:59px\" aria-hidden=\"true\" class=\"wp-block-spacer\"><\/div>\n\n\n\n<h3 class=\"wp-block-heading\" id=\"regocijarse-y-reflexionar\">Regocijarse y Reflexionar<\/h3>\n\n\n\n<p>Hoy escojo regocijarme en el poder de Dios, uni\u00e9ndome a la alabanza ancestral de todo el pueblo de Dios en las palabras del Salmo 22\u2026<\/p>\n\n\n\n<blockquote class=\"wp-block-quote is-layout-flow wp-block-quote-is-layout-flow\"><p>Sin embargo, t\u00fa eres santo;<br> &nbsp;&nbsp;&nbsp;&nbsp;est\u00e1s entronizado en las alabanzas de Israel. <br>Nuestros antepasados confiaron en ti,<br> &nbsp;&nbsp;&nbsp;&nbsp;y los rescataste. <br>Clamaron a ti, y los salvaste;<br> &nbsp;&nbsp;&nbsp;&nbsp;confiaron en ti y nunca fueron avergonzados.<\/p><cite><strong>Salmo 22:3-5 (NTV)<\/strong><\/cite><\/blockquote>\n\n\n\n<hr class=\"wp-block-separator is-style-dots\"\/>\n\n\n\n<h5 class=\"has-text-align-center wp-block-heading\" id=\"haz-una-pausa-y-ora\"><em>Haz una pausa y ora<\/em><\/h5>\n\n\n\n<hr class=\"wp-block-separator is-style-dots\"\/>\n\n\n\n<p>Despu\u00e9s de azotarle y burlarse de \u00e9l, se llevan a Jes\u00fas para crucificarle&#8230;<\/p>\n\n\n\n<blockquote class=\"wp-block-quote is-layout-flow wp-block-quote-is-layout-flow\"><p>Al salir encontraron a un hombre de Cirene que se llamaba Sim\u00f3n, y le obligaron a llevar la cruz. Llegaron a un lugar llamado G\u00f3lgota (que significa \u00abLugar de la Calavera\u00bb). All\u00ed dieron a Jes\u00fas vino mezclado con hiel; pero, despu\u00e9s de probarlo, se neg\u00f3 a beberlo. Le crucificaron y repartieron su ropa echando suertes. Y se sentaron a vigilarle. Encima de su cabeza pusieron por escrito la causa de su condena: \u00abESTE ES JES\u00daS, EL REY DE LOS JUD\u00cdOS\u00bb.<\/p><cite><strong>Mateo 27:32-37 (NVI CST)<\/strong><\/cite><\/blockquote>\n\n\n\n<p>El te\u00f3logo N.T. Wright enmarca la crucifixi\u00f3n de esta manera:<br><br>\u2018As\u00ed es como hace brillar la luz del amor de Dios en los rincones oscuros del mundo; tomando el mal del mundo, la violencia gratuita, el acoso y la tortura que a\u00fan desfiguran el mundo, y dejando que haga lo peor con \u00e9l. Que no se diga nunca que la fe cristiana es una cosa de hadas&#8230;\u2019*<\/p>\n\n\n\n<div style=\"height:59px\" aria-hidden=\"true\" class=\"wp-block-spacer\"><\/div>\n\n\n\n<h3 class=\"wp-block-heading\" id=\"apelar-pedir\"><strong>Apelar \/ Pedir<\/strong><\/h3>\n\n\n\n<p><em>En el silencio, reflexiono sobre las formas en que Jes\u00fas ha hecho brillar la luz de Dios en los rincones oscuros de mi mundo.&nbsp;<\/em><\/p>\n\n\n\n<hr class=\"wp-block-separator is-style-dots\"\/>\n\n\n\n<h5 class=\"has-text-align-center wp-block-heading\" id=\"haz-una-pausa-y-ora\"><em>Haz una pausa y ora<\/em><\/h5>\n\n\n\n<hr class=\"wp-block-separator is-style-dots\"\/>\n\n\n\n<p><em>Jes\u00fas: te agradezco que no te alejes de mi pecado y mi sufrimiento, sino que te sumerjas en ellos, uni\u00e9ndote a m\u00ed, llev\u00e1ndome all\u00ed, san\u00e1ndome y restaur\u00e1ndome all\u00ed. Hoy recibo tu misericordia y tu amor salvador.<\/em><\/p>\n\n\n\n<hr class=\"wp-block-separator is-style-dots\"\/>\n\n\n\n<h5 class=\"has-text-align-center wp-block-heading\" id=\"haz-una-pausa-y-ora\"><em>Haz una pausa y ora<\/em><\/h5>\n\n\n\n<hr class=\"wp-block-separator is-style-dots\"\/>\n\n\n\n<p><em>Jes\u00fas: hoy oro por los que sufren a manos de otros. Las v\u00edctimas de la guerra. Los que est\u00e1n atrapados en ciclos de abuso dom\u00e9stico, violencia y explotaci\u00f3n. Jes\u00fas, s\u00e1nales y rest\u00e1urales.<\/em><\/p>\n\n\n\n<hr class=\"wp-block-separator is-style-dots\"\/>\n\n\n\n<h5 class=\"has-text-align-center wp-block-heading\" id=\"haz-una-pausa-y-ora\"><em>Haz una pausa y ora<\/em><\/h5>\n\n\n\n<hr class=\"wp-block-separator is-style-dots\"\/>\n\n\n\n<h2 class=\"wp-block-heading\" id=\"rendirse\"><strong>Rendirs<\/strong>e<\/h2>\n\n\n\n<p><strong><em>Al volver al pasaje, abro mis o\u00eddos para escuchar tu Palabra, y mi coraz\u00f3n para rendirme a tu voluntad una vez m\u00e1s\u2026<\/em><\/strong><\/p>\n\n\n\n<blockquote class=\"wp-block-quote is-layout-flow wp-block-quote-is-layout-flow\"><p>Al salir encontraron a un hombre de Cirene que se llamaba Sim\u00f3n, y le obligaron a llevar la cruz. Llegaron a un lugar llamado G\u00f3lgota (que significa \u00abLugar de la Calavera\u00bb). All\u00ed dieron a Jes\u00fas vino mezclado con hiel; pero, despu\u00e9s de probarlo, se neg\u00f3 a beberlo. Le crucificaron y repartieron su ropa echando suertes. Y se sentaron a vigilarle. Encima de su cabeza pusieron por escrito la causa de su condena: \u00abESTE ES JES\u00daS, EL REY DE LOS JUD\u00cdOS\u00bb.<\/p><cite><strong>Mateo 27:32-37 (NVI CST)<\/strong><\/cite><\/blockquote>\n\n\n\n<p>Wright contin\u00faa:<br><br>\u2018Lo que para Pilato y los soldados era el &#8220;crimen&#8221; de Jes\u00fas -su pretensi\u00f3n de ser el verdadero rey de Israel- era para Mateo la sobria verdad. Y la crucifixi\u00f3n era el medio por el que se establecer\u00eda su reino&#8230; Si iba a ser el reino de Dios, se producir\u00eda por los medios de Dios; y los medios que el verdadero Dios elige utilizar son los del amor, que se da a s\u00ed mismo.**<\/p>\n\n\n\n<hr class=\"wp-block-separator is-style-dots\"\/>\n\n\n\n<h5 class=\"has-text-align-center wp-block-heading\" id=\"haz-una-pausa-y-ora\"><em>Haz una pausa y ora<\/em><\/h5>\n\n\n\n<hr class=\"wp-block-separator is-style-dots\"\/>\n\n\n\n<h3 class=\"wp-block-heading\" id=\"oracion-de-rendicion\"><strong>Oraci\u00f3n de Rendici\u00f3n<\/strong><\/h3>\n\n\n\n<p><em>Jes\u00fas: me rindo a tu amor, que se da a s\u00ed mismo. No lo merezco. No me lo he ganado. Pero lo recibo con gratitud de coraz\u00f3n y te doy las gracias.<\/em><\/p>\n\n\n\n<h3 class=\"wp-block-heading\" id=\"oracion-de-rendicion\"><strong><strong>Promesa de Rendici\u00f3n<\/strong><\/strong><\/h3>\n\n\n\n<p>Y ahora, mientras me preparo para llevar este tiempo de oraci\u00f3n al d\u00eda que tengo por delante, el Se\u00f1or, que me ama, dice en \u00c9xodo 33:<\/p>\n\n\n\n<blockquote class=\"wp-block-quote is-layout-flow wp-block-quote-is-layout-flow\"><p>Y el&nbsp;Se\u00f1or&nbsp;le respondi\u00f3: \u2015Voy a darte pruebas de mi bondad, y te dar\u00e9 a conocer mi nombre. Y ver\u00e1s que tengo clemencia de quien quiero tenerla, y soy compasivo con quien quiero serlo. <\/p><cite><strong>\u00c9xodo 33:19 (NVI CST)<\/strong><\/cite><\/blockquote>\n\n\n\n<div style=\"height:28px\" aria-hidden=\"true\" class=\"wp-block-spacer\"><\/div>\n\n\n\n<h3 class=\"wp-block-heading\" id=\"oracion-de-rendicion\"><strong>Oraci\u00f3n para concluir<\/strong><\/h3>\n\n\n\n<p><strong>Padre, ay\u00fadame a vivir este d\u00eda al m\u00e1ximo, siendo aut\u00e9ntica contigo en todo. <\/strong><br><strong>Jes\u00fas, ay\u00fadame a darme a los dem\u00e1s, siendo amable con toda la gente con la que me encuentre. <\/strong><br><strong>Esp\u00edritu, ay\u00fadame a amar a la gente que se encuentra perdida, proclamando a Cristo en todo lo que digo y hago.&nbsp;<br>Am\u00e9n.<\/strong><\/p>\n\n\n\n<p>* N.T. Wright. <em>Matthew for Everyone, Part 2<\/em> p.182<\/p>\n\n\n\n<p>**Ibid.<\/p>\n","protected":false},"excerpt":{"rendered":"<p>Hoy es martes, 12 de abril. Esta semana nos unimos a Jes\u00fas en su crucifixi\u00f3n y resurrecci\u00f3n, seg\u00fan lo narra el evangelio de Mateo. Haz una pausa Ahora, al iniciar mi tiempo de oraci\u00f3n, hago una pausa para estar quieta; para respirar lentamente, para re-centrar mis sentidos, que se encuentran dispersos, delante de la presencia [&hellip;]<\/p>\n","protected":false},"author":216,"featured_media":8621,"comment_status":"closed","ping_status":"open","sticky":false,"template":"","format":"standard","meta":{"_acf_changed":false,"inline_featured_image":false,"footnotes":""},"categories":[369,206],"tags":[],"author_slug":[370],"blog_series":[383],"topic":[353],"class_list":["post-9154","post","type-post","status-publish","format-standard","has-post-thumbnail","hentry","category-lectio365","category-blog-es","author_slug-oracion-24-7","blog_series-la-pasion","topic-orar"],"acf":[],"_links":{"self":[{"href":"https:\/\/staging.24-7prayer.com\/es\/wp-json\/wp\/v2\/posts\/9154","targetHints":{"allow":["GET"]}}],"collection":[{"href":"https:\/\/staging.24-7prayer.com\/es\/wp-json\/wp\/v2\/posts"}],"about":[{"href":"https:\/\/staging.24-7prayer.com\/es\/wp-json\/wp\/v2\/types\/post"}],"author":[{"embeddable":true,"href":"https:\/\/staging.24-7prayer.com\/es\/wp-json\/wp\/v2\/users\/216"}],"replies":[{"embeddable":true,"href":"https:\/\/staging.24-7prayer.com\/es\/wp-json\/wp\/v2\/comments?post=9154"}],"version-history":[{"count":4,"href":"https:\/\/staging.24-7prayer.com\/es\/wp-json\/wp\/v2\/posts\/9154\/revisions"}],"predecessor-version":[{"id":9165,"href":"https:\/\/staging.24-7prayer.com\/es\/wp-json\/wp\/v2\/posts\/9154\/revisions\/9165"}],"wp:featuredmedia":[{"embeddable":true,"href":"https:\/\/staging.24-7prayer.com\/es\/wp-json\/wp\/v2\/media\/8621"}],"wp:attachment":[{"href":"https:\/\/staging.24-7prayer.com\/es\/wp-json\/wp\/v2\/media?parent=9154"}],"wp:term":[{"taxonomy":"category","embeddable":true,"href":"https:\/\/staging.24-7prayer.com\/es\/wp-json\/wp\/v2\/categories?post=9154"},{"taxonomy":"post_tag","embeddable":true,"href":"https:\/\/staging.24-7prayer.com\/es\/wp-json\/wp\/v2\/tags?post=9154"},{"taxonomy":"author_slug","embeddable":true,"href":"https:\/\/staging.24-7prayer.com\/es\/wp-json\/wp\/v2\/author_slug?post=9154"},{"taxonomy":"blog_series","embeddable":true,"href":"https:\/\/staging.24-7prayer.com\/es\/wp-json\/wp\/v2\/blog_series?post=9154"},{"taxonomy":"topic","embeddable":true,"href":"https:\/\/staging.24-7prayer.com\/es\/wp-json\/wp\/v2\/topic?post=9154"}],"curies":[{"name":"wp","href":"https:\/\/api.w.org\/{rel}","templated":true}]}}