{"id":9142,"date":"2022-04-11T05:00:00","date_gmt":"2022-04-11T04:00:00","guid":{"rendered":"https:\/\/staging.24-7prayer.com\/?p=9142"},"modified":"2022-04-10T21:52:25","modified_gmt":"2022-04-10T20:52:25","slug":"no-mires-a-otro-lado","status":"publish","type":"post","link":"https:\/\/staging.24-7prayer.com\/es\/no-mires-a-otro-lado\/","title":{"rendered":"No mires a otro lado"},"content":{"rendered":"\n<div class=\"wp-block-buttons is-content-justification-center is-layout-flex wp-container-core-buttons-is-layout-a89b3969 wp-block-buttons-is-layout-flex\"><\/div>\n\n\n\n<iframe loading=\"lazy\" style=\"border-radius:12px\" src=\"https:\/\/open.spotify.com\/embed\/show\/6stSy5pU6jhldWvyb20Tew?utm_source=generator\" width=\"100%\" height=\"232\" frameborder=\"0\" allowfullscreen=\"\" allow=\"autoplay; clipboard-write; encrypted-media; fullscreen; picture-in-picture\"><\/iframe>\n\n\n\n<p>Hoy es lunes, 11 de abril. Es la semana de La Pasi\u00f3n, y estamos en la \u00faltima etapa del viaje con Jes\u00fas hacia la cruz.<\/p>\n\n\n\n<h3 class=\"wp-block-heading\" id=\"haz-una-pausa\">Haz una pausa<\/h3>\n\n\n\n<p><strong><em><strong><em><strong><em><strong><em><strong><em>Ahora, al iniciar mi tiempo de oraci\u00f3n, hago una pausa para estar quieta; para respirar lentamente, para re-centrar mis sentidos, que se encuentran dispersos, delante de la presencia de Dios.<\/em><\/strong><\/em><\/strong><\/em><\/strong><\/em><\/strong><\/em><\/strong><\/p>\n\n\n\n<hr class=\"wp-block-separator is-style-dots\"\/>\n\n\n\n<h5 class=\"has-text-align-center wp-block-heading\" id=\"haz-una-pausa-y-ora\"><em>Haz una pausa y ora<\/em><\/h5>\n\n\n\n<hr class=\"wp-block-separator is-style-dots\"\/>\n\n\n\n<h3 class=\"wp-block-heading\" id=\"haz-una-pausa\">Oraci\u00f3n de Enfoque<\/h3>\n\n\n\n<p><em><em><em><em>Jes\u00fas, T\u00fa eres el camino, la verdad y la vida. A trav\u00e9s de esta \u00e9poca de Cuaresma, mientras medito en tu Santa Pasi\u00f3n, que mi amor sea reavivado, para que pueda vivir sacrificada y enteramente para Ti.<\/em><\/em><\/em><\/em><\/p>\n\n\n\n<div style=\"height:59px\" aria-hidden=\"true\" class=\"wp-block-spacer\"><\/div>\n\n\n\n<h3 class=\"wp-block-heading\" id=\"regocijarse-y-reflexionar\">Regocijarse y Reflexionar<\/h3>\n\n\n\n<p>Hoy escojo regocijarme en el poder de Dios, uni\u00e9ndome a la alabanza ancestral de todo el pueblo de Dios en las palabras del Salmo 22\u2026<\/p>\n\n\n\n<blockquote class=\"wp-block-quote is-layout-flow wp-block-quote-is-layout-flow\"><p>Te alabar\u00e9 en la gran asamblea;<br> \u00a0\u00a0\u00a0\u00a0cumplir\u00e9 mis promesas en presencia de los que te adoran. <br>Toda la tierra reconocer\u00e1 al\u00a0Se\u00f1or\u00a0y regresar\u00e1 a \u00e9l;<br> \u00a0\u00a0\u00a0\u00a0todas las familias de las naciones se inclinar\u00e1n ante \u00e9l. <br>Pues el poder de la realeza pertenece al\u00a0Se\u00f1or;<br> \u00a0\u00a0\u00a0\u00a0\u00e9l gobierna a todas las naciones.<\/p><cite><strong>Salmo 22:25, 27- 28 (NTV)<\/strong><\/cite><\/blockquote>\n\n\n\n<hr class=\"wp-block-separator is-style-dots\"\/>\n\n\n\n<h5 class=\"has-text-align-center wp-block-heading\" id=\"haz-una-pausa-y-ora\"><em>Haz una pausa y ora<\/em><\/h5>\n\n\n\n<hr class=\"wp-block-separator is-style-dots\"\/>\n\n\n\n<p>Jes\u00fas acaba de ser condenado por Pilato y azotado. Ahora, a manos de los soldados, su tormento contin\u00faa&#8230;<\/p>\n\n\n\n<blockquote class=\"wp-block-quote is-layout-flow wp-block-quote-is-layout-flow\"><p>Los soldados del gobernador llevaron a Jes\u00fas al palacio y reunieron a toda la tropa alrededor de \u00e9l. Le quitaron la ropa y le pusieron un manto de color escarlata. Luego trenzaron una corona de espinas y se la colocaron en la cabeza, y en la mano derecha le pusieron una ca\u00f1a. Arrodill\u00e1ndose delante de \u00e9l, se burlaban diciendo: <br>\u2015\u00a1Salve, rey de los jud\u00edos! <br>Y le escup\u00edan, y con la ca\u00f1a le golpeaban la cabeza. Despu\u00e9s de burlarse de \u00e9l, le quitaron el manto, le pusieron su propia ropa y se lo llevaron para crucificarlo.<\/p><cite><strong><strong>Mateo 27:27-31 (NVI CST)<\/strong><\/strong><\/cite><\/blockquote>\n\n\n\n<p>Leer el relato de la Pasi\u00f3n de Mateo y escribir las reflexiones para la Lectio de esta semana es desalentador y doloroso. Quiero hojear, pasar por encima de la superficie de las escrituras, avanzar r\u00e1pidamente hacia los pasajes menos angustiosos. Quiero apartar la mirada, mirar hacia otro lado.<\/p>\n\n\n\n<div style=\"height:59px\" aria-hidden=\"true\" class=\"wp-block-spacer\"><\/div>\n\n\n\n<h3 class=\"wp-block-heading\" id=\"apelar-pedir\"><strong>Apelar \/ Pedir<\/strong><\/h3>\n\n\n\n<p><em>Jes\u00fas: dame el valor y la fortaleza que necesito para profundizar en las escrituras de esta semana, para permanecer contigo aqu\u00ed, en tu aflicci\u00f3n, para dar testimonio de tu amor sufrido.<\/em><\/p>\n\n\n\n<hr class=\"wp-block-separator is-style-dots\"\/>\n\n\n\n<h5 class=\"has-text-align-center wp-block-heading\" id=\"haz-una-pausa-y-ora\"><em>Haz una pausa y ora<\/em><\/h5>\n\n\n\n<hr class=\"wp-block-separator is-style-dots\"\/>\n\n\n\n<p><em>Dios: te pido por los que est\u00e1n en el poder y te desprecian, se burlan y te agreden y oprimen a los que llevan tu nombre. Acelera la llegada del d\u00eda en que toda rodilla se doblar\u00e1 y toda lengua confesar\u00e1 que Jesucristo es el Se\u00f1or, para gloria de Dios Padre. (Filipenses 2:11)<\/em><\/p>\n\n\n\n<hr class=\"wp-block-separator is-style-dots\"\/>\n\n\n\n<h5 class=\"has-text-align-center wp-block-heading\" id=\"haz-una-pausa-y-ora\"><em>Haz una pausa y ora<\/em><\/h5>\n\n\n\n<hr class=\"wp-block-separator is-style-dots\"\/>\n\n\n\n<h2 class=\"wp-block-heading\" id=\"rendirse\"><strong>Rendirs<\/strong>e<\/h2>\n\n\n\n<p><strong><em>Al volver al pasaje, me imagino dentro de la escena. El olor de la sangre y el sudor en el aire. El cacareo de la burla cruel, la energ\u00eda inquieta de una multitud descerebrada por el odio y la rabia\u2026<\/em><\/strong><\/p>\n\n\n\n<blockquote class=\"wp-block-quote is-layout-flow wp-block-quote-is-layout-flow\"><p>Los soldados del gobernador llevaron a Jes\u00fas al palacio y reunieron a toda la tropa alrededor de \u00e9l. Le quitaron la ropa y le pusieron un manto de color escarlata. Luego trenzaron una corona de espinas y se la colocaron en la cabeza, y en la mano derecha le pusieron una ca\u00f1a. Arrodill\u00e1ndose delante de \u00e9l, se burlaban diciendo: <br>\u2015\u00a1Salve, rey de los jud\u00edos! <br>Y le escup\u00edan, y con la ca\u00f1a le golpeaban la cabeza. Despu\u00e9s de burlarse de \u00e9l, le quitaron el manto, le pusieron su propia ropa y se lo llevaron para crucificarlo.<\/p><cite><strong><strong>Mateo 27:27-31 (NVI CST)<\/strong><\/strong><\/cite><\/blockquote>\n\n\n\n<p>Son como matones de instituto, ebrios de poder. Es tentador separarme de ellos, pero si soy honesta, \u00bfha habido alguna vez en que haya despreciado a Jes\u00fas o a su pueblo? \u00bfEn que la burla ha estado en mi coraz\u00f3n o en mis labios? \u00bfAlguna vez mis acciones o actitudes se han burlado de su Se\u00f1or\u00edo?<\/p>\n\n\n\n<hr class=\"wp-block-separator is-style-dots\"\/>\n\n\n\n<h5 class=\"has-text-align-center wp-block-heading\" id=\"haz-una-pausa-y-ora\"><em>Haz una pausa y ora<\/em><\/h5>\n\n\n\n<hr class=\"wp-block-separator is-style-dots\"\/>\n\n\n\n<h3 class=\"wp-block-heading\" id=\"oracion-de-rendicion\"><strong>Oraci\u00f3n de Rendici\u00f3n<\/strong><\/h3>\n\n\n\n<p><strong><em>Jes\u00fas: me arrepiento de las veces que no he reconocido tu Se\u00f1or\u00edo, tu gobierno leg\u00edtimo y autoridad en mi vida. Hoy te declaro como Se\u00f1or y Rey, no solo de los jud\u00edos, sino de toda la gente de la tierra, especialmente yo.<\/em><\/strong><\/p>\n\n\n\n<h3 class=\"wp-block-heading\" id=\"oracion-de-rendicion\"><strong><strong>Promesa de Rendici\u00f3n<\/strong><\/strong><\/h3>\n\n\n\n<p>Y ahora, mientras me preparo para llevar este tiempo de oraci\u00f3n al d\u00eda que tengo por delante, el Se\u00f1or, que me ama, dice en Mateo 23:<\/p>\n\n\n\n<blockquote class=\"wp-block-quote is-layout-flow wp-block-quote-is-layout-flow\"><p>Porque el que a s\u00ed mismo se enaltece ser\u00e1 humillado, y el que se humilla ser\u00e1 enaltecido.\n<\/p><cite><strong><strong>Mateo 23:12 (NVI CST)<\/strong><\/strong><\/cite><\/blockquote>\n\n\n\n<div style=\"height:28px\" aria-hidden=\"true\" class=\"wp-block-spacer\"><\/div>\n\n\n\n<h3 class=\"wp-block-heading\" id=\"oracion-de-rendicion\"><strong>Oraci\u00f3n para concluir<\/strong><\/h3>\n\n\n\n<p><strong>Padre, ay\u00fadame a vivir este d\u00eda al m\u00e1ximo, siendo aut\u00e9ntica contigo en todo. <\/strong><br><strong>Jes\u00fas, ay\u00fadame a darme a los dem\u00e1s, siendo amable con toda la gente con la que me encuentre. <\/strong><br><strong>Esp\u00edritu, ay\u00fadame a amar a la gente que se encuentra perdida, proclamando a Cristo en todo lo que digo y hago.\u00a0<br>Am\u00e9n.<\/strong><\/p>\n","protected":false},"excerpt":{"rendered":"<p>Hoy es lunes, 11 de abril. Es la semana de La Pasi\u00f3n, y estamos en la \u00faltima etapa del viaje con Jes\u00fas hacia la cruz. Haz una pausa Ahora, al iniciar mi tiempo de oraci\u00f3n, hago una pausa para estar quieta; para respirar lentamente, para re-centrar mis sentidos, que se encuentran dispersos, delante de la [&hellip;]<\/p>\n","protected":false},"author":216,"featured_media":8621,"comment_status":"closed","ping_status":"open","sticky":false,"template":"","format":"standard","meta":{"_acf_changed":false,"inline_featured_image":false,"footnotes":""},"categories":[369,206],"tags":[],"author_slug":[370],"blog_series":[383],"topic":[353],"class_list":["post-9142","post","type-post","status-publish","format-standard","has-post-thumbnail","hentry","category-lectio365","category-blog-es","author_slug-oracion-24-7","blog_series-la-pasion","topic-orar"],"acf":[],"_links":{"self":[{"href":"https:\/\/staging.24-7prayer.com\/es\/wp-json\/wp\/v2\/posts\/9142","targetHints":{"allow":["GET"]}}],"collection":[{"href":"https:\/\/staging.24-7prayer.com\/es\/wp-json\/wp\/v2\/posts"}],"about":[{"href":"https:\/\/staging.24-7prayer.com\/es\/wp-json\/wp\/v2\/types\/post"}],"author":[{"embeddable":true,"href":"https:\/\/staging.24-7prayer.com\/es\/wp-json\/wp\/v2\/users\/216"}],"replies":[{"embeddable":true,"href":"https:\/\/staging.24-7prayer.com\/es\/wp-json\/wp\/v2\/comments?post=9142"}],"version-history":[{"count":6,"href":"https:\/\/staging.24-7prayer.com\/es\/wp-json\/wp\/v2\/posts\/9142\/revisions"}],"predecessor-version":[{"id":9150,"href":"https:\/\/staging.24-7prayer.com\/es\/wp-json\/wp\/v2\/posts\/9142\/revisions\/9150"}],"wp:featuredmedia":[{"embeddable":true,"href":"https:\/\/staging.24-7prayer.com\/es\/wp-json\/wp\/v2\/media\/8621"}],"wp:attachment":[{"href":"https:\/\/staging.24-7prayer.com\/es\/wp-json\/wp\/v2\/media?parent=9142"}],"wp:term":[{"taxonomy":"category","embeddable":true,"href":"https:\/\/staging.24-7prayer.com\/es\/wp-json\/wp\/v2\/categories?post=9142"},{"taxonomy":"post_tag","embeddable":true,"href":"https:\/\/staging.24-7prayer.com\/es\/wp-json\/wp\/v2\/tags?post=9142"},{"taxonomy":"author_slug","embeddable":true,"href":"https:\/\/staging.24-7prayer.com\/es\/wp-json\/wp\/v2\/author_slug?post=9142"},{"taxonomy":"blog_series","embeddable":true,"href":"https:\/\/staging.24-7prayer.com\/es\/wp-json\/wp\/v2\/blog_series?post=9142"},{"taxonomy":"topic","embeddable":true,"href":"https:\/\/staging.24-7prayer.com\/es\/wp-json\/wp\/v2\/topic?post=9142"}],"curies":[{"name":"wp","href":"https:\/\/api.w.org\/{rel}","templated":true}]}}