{"id":9055,"date":"2022-04-04T01:07:34","date_gmt":"2022-04-04T00:07:34","guid":{"rendered":"https:\/\/staging.24-7prayer.com\/?p=9055"},"modified":"2022-04-04T07:52:03","modified_gmt":"2022-04-04T06:52:03","slug":"sufriendo-en-silencio","status":"publish","type":"post","link":"https:\/\/staging.24-7prayer.com\/es\/sufriendo-en-silencio\/","title":{"rendered":"Sufriendo en silencio"},"content":{"rendered":"\n<div class=\"wp-block-buttons is-content-justification-center is-layout-flex wp-container-core-buttons-is-layout-a89b3969 wp-block-buttons-is-layout-flex\"><\/div>\n\n\n\n<iframe loading=\"lazy\" style=\"border-radius:12px\" src=\"https:\/\/open.spotify.com\/embed\/show\/6stSy5pU6jhldWvyb20Tew?utm_source=generator\" width=\"100%\" height=\"232\" frameborder=\"0\" allowfullscreen=\"\" allow=\"autoplay; clipboard-write; encrypted-media; fullscreen; picture-in-picture\"><\/iframe>\n\n\n\n<p>Hoy es lunes, 4 de abril y esta semana continuamos nuestra serie de Cuaresma, meditando en el viaje de Jes\u00fas a la cruz. Juntos estamos meditando en el relato de La Pasi\u00f3n seg\u00fan lo narra el evangelio de Mateo y preparando nuestros corazones para la Pascua.<\/p>\n\n\n\n<h3 class=\"wp-block-heading\" id=\"haz-una-pausa\">Haz una pausa<\/h3>\n\n\n\n<p><strong><em><strong><em><strong><em><strong><em><strong><em>Ahora, al iniciar mi tiempo de oraci\u00f3n, hago una pausa para estar quieta; para respirar lentamente, para re-centrar mis sentidos, que se encuentran dispersos, delante de la presencia de Dios.<\/em><\/strong><\/em><\/strong><\/em><\/strong><\/em><\/strong><\/em><\/strong><\/p>\n\n\n\n<hr class=\"wp-block-separator is-style-dots\"\/>\n\n\n\n<h5 class=\"has-text-align-center wp-block-heading\" id=\"haz-una-pausa-y-ora\"><em>Haz una pausa y ora<\/em><\/h5>\n\n\n\n<hr class=\"wp-block-separator is-style-dots\"\/>\n\n\n\n<h3 class=\"wp-block-heading\" id=\"haz-una-pausa\">Oraci\u00f3n de Enfoque<\/h3>\n\n\n\n<p><em><em><em><em>Jes\u00fas, T\u00fa eres el camino, la verdad y la vida. A trav\u00e9s de esta \u00e9poca de Cuaresma, mientras medito en tu Santa Pasi\u00f3n, que mi amor sea reavivado, para que pueda vivir sacrificada y enteramente para Ti.<\/em><\/em><\/em><\/em><\/p>\n\n\n\n<div style=\"height:59px\" aria-hidden=\"true\" class=\"wp-block-spacer\"><\/div>\n\n\n\n<h3 class=\"wp-block-heading\" id=\"regocijarse-y-reflexionar\">Regocijarse y Reflexionar<\/h3>\n\n\n\n<p>Hoy escojo regocijarme en la justicia de Dios, uni\u00e9ndome a la alabanza ancestral de todo el pueblo de Dios en las palabras del Salmo 9&#8230;<\/p>\n\n\n\n<blockquote class=\"wp-block-quote is-layout-flow wp-block-quote-is-layout-flow\"><p>Pero el&nbsp;Se\u00f1or&nbsp;reina para siempre;<br> &nbsp;&nbsp;&nbsp;&nbsp;desde su trono lleva a cabo el juicio. <br>Juzgar\u00e1 al mundo con justicia<br> &nbsp;&nbsp;&nbsp;&nbsp;y gobernar\u00e1 a las naciones con imparcialidad. <br>El&nbsp;Se\u00f1or&nbsp;es un refugio para los oprimidos,<br> &nbsp;&nbsp;&nbsp;&nbsp;un lugar seguro en tiempos dif\u00edciles.<\/p><cite><strong>Salmo 9:7-9 (NTV)<\/strong><\/cite><\/blockquote>\n\n\n\n<hr class=\"wp-block-separator is-style-dots\"\/>\n\n\n\n<h5 class=\"has-text-align-center wp-block-heading\" id=\"haz-una-pausa-y-ora\"><em>Haz una pausa y ora<\/em><\/h5>\n\n\n\n<hr class=\"wp-block-separator is-style-dots\"\/>\n\n\n\n<p>Jes\u00fas ha sido traicionado por uno de sus disc\u00edpulos, arrestado y acusado falsamente por los l\u00edderes jud\u00edos, y ahora est\u00e1 siendo juzgado ante un gobernante romano en Jerusal\u00e9n&#8230;&nbsp;<\/p>\n\n\n\n<blockquote class=\"wp-block-quote is-layout-flow wp-block-quote-is-layout-flow\"><p>Mientras tanto, Jes\u00fas compareci\u00f3 ante el gobernador, y este le pregunt\u00f3: <br>\u2015\u00bfEres t\u00fa el rey de los jud\u00edos? <br>\u2015T\u00fa lo dices \u2014respondi\u00f3 Jes\u00fas. <br>Al ser acusado por los jefes de los sacerdotes y por los ancianos, Jes\u00fas no contest\u00f3 nada. <br>\u2015\u00bfNo oyes lo que declaran contra ti? \u2014le dijo Pilato. <br>Pero Jes\u00fas no respondi\u00f3 ni a una sola acusaci\u00f3n, por lo que el gobernador se llen\u00f3 de asombro.<\/p><cite><strong>Mateo 27:11-14 <\/strong>(<strong>NVI CST)<\/strong><\/cite><\/blockquote>\n\n\n\n<p>Los l\u00edderes jud\u00edos quer\u00edan a Jes\u00fas muerto y quer\u00edan que los romanos hicieran su trabajo sucio. Sin embargo, a pesar de la injusticia del juicio y de las consecuencias letales de un veredicto de culpabilidad, Jes\u00fas no quiso defenderse. Como Isa\u00edas profetiz\u00f3 siglos antes de este momento: \u2018Maltratado y humillado, ni siquiera abri\u00f3 su boca; como cordero fue llevado al matadero; como oveja enmudeci\u00f3 ante su trasquilador; y ni siquiera abri\u00f3 su boca.\u2019 (Isa\u00edas 53:7 NVI CST)<\/p>\n\n\n\n<div style=\"height:59px\" aria-hidden=\"true\" class=\"wp-block-spacer\"><\/div>\n\n\n\n<h3 class=\"wp-block-heading\" id=\"apelar-pedir\"><strong>Apelar \/ Pedir<\/strong><\/h3>\n\n\n\n<p><em>Se\u00f1or Jes\u00fas: me introduzco en esta historia y me imagino de pie, a tu lado, delante de tus acusadores. Me uno a ti en tu silencio; cierro mi boca y acallo mi mente\u2026<\/em><\/p>\n\n\n\n<hr class=\"wp-block-separator is-style-dots\"\/>\n\n\n\n<h5 class=\"has-text-align-center wp-block-heading\" id=\"haz-una-pausa-y-ora\"><em>Haz una pausa y ora<\/em><\/h5>\n\n\n\n<hr class=\"wp-block-separator is-style-dots\"\/>\n\n\n\n<p>Hoy, uno de cada siete cristianos son perseguidos alrededor del mundo. La organizaci\u00f3n Puertas Abiertas informa que el a\u00f1o pasado casi 6000 de mis hermanos y hermanas fueron asesinados por su fe.*<br><br><em>Jes\u00fas: oro por mis hermanos y hermanas. Renueva su fuerza y recu\u00e9rdales que siguen a un Salvador que ve y entiende su sufrimiento.<\/em><\/p>\n\n\n\n<hr class=\"wp-block-separator is-style-dots\"\/>\n\n\n\n<h5 class=\"has-text-align-center wp-block-heading\" id=\"haz-una-pausa-y-ora\"><em>Haz una pausa y ora<\/em><\/h5>\n\n\n\n<hr class=\"wp-block-separator is-style-dots\"\/>\n\n\n\n<h2 class=\"wp-block-heading\" id=\"rendirse\"><strong>Rendirs<\/strong>e<\/h2>\n\n\n\n<p><strong><em>Al volver al pasaje, abro mis o\u00eddos para escuchar tu Palabra, y mi coraz\u00f3n para rendirme a tu voluntad una vez m\u00e1s\u2026<\/em><\/strong><\/p>\n\n\n\n<blockquote class=\"wp-block-quote is-layout-flow wp-block-quote-is-layout-flow\"><p>Mientras tanto, Jes\u00fas compareci\u00f3 ante el gobernador, y este le pregunt\u00f3: <br>\u2015\u00bfEres t\u00fa el rey de los jud\u00edos? <br>\u2015T\u00fa lo dices \u2014respondi\u00f3 Jes\u00fas. <br>Al ser acusado por los jefes de los sacerdotes y por los ancianos, Jes\u00fas no contest\u00f3 nada. <br>\u2015\u00bfNo oyes lo que declaran contra ti? \u2014le dijo Pilato. <br>Pero Jes\u00fas no respondi\u00f3 ni a una sola acusaci\u00f3n, por lo que el gobernador se llen\u00f3 de asombro.<\/p><cite><strong><strong><strong><strong><strong>Mateo 27:11-14 <\/strong>(<strong>NVI CST)<\/strong><\/strong><\/strong><\/strong><\/strong><\/cite><\/blockquote>\n\n\n\n<p>Jes\u00fas se resign\u00f3 a perder esta prueba porque su atenci\u00f3n estaba puesta en una lucha mucho mayor. Permiti\u00f3 voluntariamente que los acontecimientos se desarrollaran, renunciando a la batalla por su vida, todo para poder ganar la guerra por el mundo.<\/p>\n\n\n\n<hr class=\"wp-block-separator is-style-dots\"\/>\n\n\n\n<h5 class=\"has-text-align-center wp-block-heading\" id=\"haz-una-pausa-y-ora\"><em>Haz una pausa y ora<\/em><\/h5>\n\n\n\n<hr class=\"wp-block-separator is-style-dots\"\/>\n\n\n\n<h3 class=\"wp-block-heading\" id=\"oracion-de-rendicion\"><strong>Oraci\u00f3n de Rendici\u00f3n<\/strong><\/h3>\n\n\n\n<p><em>Jes\u00fas: tu abnegaci\u00f3n me asombra. En cualquier momento podr\u00edas haber detenido tu ejecuci\u00f3n, pero elegiste dar todo lo que ten\u00edas, incluso tu vida, para salvarme. Ens\u00e9\u00f1ame a derribar mi propio ego\u00edsmo. Quiero dar hoy un poco m\u00e1s de m\u00ed misma por ti.<\/em><\/p>\n\n\n\n<h3 class=\"wp-block-heading\" id=\"oracion-de-rendicion\"><strong><strong>Promesa de Rendici\u00f3n<\/strong><\/strong><\/h3>\n\n\n\n<p>Y ahora, mientras me preparo para llevar este tiempo de oraci\u00f3n al d\u00eda que tengo por delante, el Se\u00f1or, que me ama, dice en 1 Juan:&nbsp;<\/p>\n\n\n\n<blockquote class=\"wp-block-quote is-layout-flow wp-block-quote-is-layout-flow\"><p>\u2026Tengo un sacerdote-amigo en la presencia del Padre: Jesucristo, el justo Jes\u00fas. Cuando sirvi\u00f3 como sacrificio por mis pecados, resolvi\u00f3 el problema del pecado para siempre, no s\u00f3lo el m\u00edo, sino el de todo el mundo. <\/p><cite><strong><strong>Adaptado en primera persona de 1 Juan 2:1b-2 (MSG)<\/strong><\/strong><\/cite><\/blockquote>\n\n\n\n<div style=\"height:28px\" aria-hidden=\"true\" class=\"wp-block-spacer\"><\/div>\n\n\n\n<h3 class=\"wp-block-heading\" id=\"oracion-de-rendicion\"><strong>Oraci\u00f3n para concluir<\/strong><\/h3>\n\n\n\n<p><strong>Padre, ay\u00fadame a vivir este d\u00eda al m\u00e1ximo, siendo aut\u00e9ntico contigo en todo. <\/strong><br><strong>Jes\u00fas, ay\u00fadame a darme a los dem\u00e1s, siendo amable con toda la gente con la que me encuentre. <\/strong><br><strong>Esp\u00edritu, ay\u00fadame a amar a la gente que se encuentra perdida, proclamando a Cristo en todo lo que digo y hago.&nbsp;<br>Am\u00e9n.<\/strong><br><br>*<a href=\"https:\/\/www.puertasabiertas.org\" target=\"_blank\" rel=\"noreferrer noopener\">https:\/\/www.puertasabiertas.org<\/a><\/p>\n","protected":false},"excerpt":{"rendered":"<p>Hoy es lunes, 4 de abril y esta semana continuamos nuestra serie de Cuaresma, meditando en el viaje de Jes\u00fas a la cruz. Juntos estamos meditando en el relato de La Pasi\u00f3n seg\u00fan lo narra el evangelio de Mateo y preparando nuestros corazones para la Pascua. Haz una pausa Ahora, al iniciar mi tiempo de [&hellip;]<\/p>\n","protected":false},"author":216,"featured_media":8621,"comment_status":"closed","ping_status":"open","sticky":false,"template":"","format":"standard","meta":{"_acf_changed":false,"inline_featured_image":false,"footnotes":""},"categories":[369,206],"tags":[],"author_slug":[370],"blog_series":[383],"topic":[353],"class_list":["post-9055","post","type-post","status-publish","format-standard","has-post-thumbnail","hentry","category-lectio365","category-blog-es","author_slug-oracion-24-7","blog_series-la-pasion","topic-orar"],"acf":[],"_links":{"self":[{"href":"https:\/\/staging.24-7prayer.com\/es\/wp-json\/wp\/v2\/posts\/9055","targetHints":{"allow":["GET"]}}],"collection":[{"href":"https:\/\/staging.24-7prayer.com\/es\/wp-json\/wp\/v2\/posts"}],"about":[{"href":"https:\/\/staging.24-7prayer.com\/es\/wp-json\/wp\/v2\/types\/post"}],"author":[{"embeddable":true,"href":"https:\/\/staging.24-7prayer.com\/es\/wp-json\/wp\/v2\/users\/216"}],"replies":[{"embeddable":true,"href":"https:\/\/staging.24-7prayer.com\/es\/wp-json\/wp\/v2\/comments?post=9055"}],"version-history":[{"count":3,"href":"https:\/\/staging.24-7prayer.com\/es\/wp-json\/wp\/v2\/posts\/9055\/revisions"}],"predecessor-version":[{"id":9059,"href":"https:\/\/staging.24-7prayer.com\/es\/wp-json\/wp\/v2\/posts\/9055\/revisions\/9059"}],"wp:featuredmedia":[{"embeddable":true,"href":"https:\/\/staging.24-7prayer.com\/es\/wp-json\/wp\/v2\/media\/8621"}],"wp:attachment":[{"href":"https:\/\/staging.24-7prayer.com\/es\/wp-json\/wp\/v2\/media?parent=9055"}],"wp:term":[{"taxonomy":"category","embeddable":true,"href":"https:\/\/staging.24-7prayer.com\/es\/wp-json\/wp\/v2\/categories?post=9055"},{"taxonomy":"post_tag","embeddable":true,"href":"https:\/\/staging.24-7prayer.com\/es\/wp-json\/wp\/v2\/tags?post=9055"},{"taxonomy":"author_slug","embeddable":true,"href":"https:\/\/staging.24-7prayer.com\/es\/wp-json\/wp\/v2\/author_slug?post=9055"},{"taxonomy":"blog_series","embeddable":true,"href":"https:\/\/staging.24-7prayer.com\/es\/wp-json\/wp\/v2\/blog_series?post=9055"},{"taxonomy":"topic","embeddable":true,"href":"https:\/\/staging.24-7prayer.com\/es\/wp-json\/wp\/v2\/topic?post=9055"}],"curies":[{"name":"wp","href":"https:\/\/api.w.org\/{rel}","templated":true}]}}