{"id":8984,"date":"2022-03-26T05:00:00","date_gmt":"2022-03-26T05:00:00","guid":{"rendered":"https:\/\/staging.24-7prayer.com\/?p=8984"},"modified":"2022-03-25T22:08:45","modified_gmt":"2022-03-25T22:08:45","slug":"jesus-se-quedo-callado","status":"publish","type":"post","link":"https:\/\/staging.24-7prayer.com\/es\/jesus-se-quedo-callado\/","title":{"rendered":"Jes\u00fas se qued\u00f3 callado\u00a0"},"content":{"rendered":"\n<div class=\"wp-block-buttons is-content-justification-center is-layout-flex wp-container-core-buttons-is-layout-a89b3969 wp-block-buttons-is-layout-flex\"><\/div>\n\n\n\n<iframe loading=\"lazy\" style=\"border-radius:12px\" src=\"https:\/\/open.spotify.com\/embed\/show\/6stSy5pU6jhldWvyb20Tew?utm_source=generator\" width=\"100%\" height=\"232\" frameborder=\"0\" allowfullscreen=\"\" allow=\"autoplay; clipboard-write; encrypted-media; fullscreen; picture-in-picture\"><\/iframe>\n\n\n\n<p>Hoy es s\u00e1bado, 26 de marzo y esta semana estamos explorando los acontecimientos que tuvieron lugar cuando arrestaron a Jes\u00fas.<\/p>\n\n\n\n<h3 class=\"wp-block-heading\" id=\"haz-una-pausa\">Haz una pausa<\/h3>\n\n\n\n<p><strong><em><strong><em><strong><em><strong><em><strong><em>Ahora, al iniciar mi tiempo de oraci\u00f3n, hago una pausa para estar quieta; para respirar lentamente, para re-centrar mis sentidos, que se encuentran dispersos, delante de la presencia de Dios.<\/em><\/strong><\/em><\/strong><\/em><\/strong><\/em><\/strong><\/em><\/strong><\/p>\n\n\n\n<hr class=\"wp-block-separator is-style-dots\"\/>\n\n\n\n<h5 class=\"has-text-align-center wp-block-heading\" id=\"haz-una-pausa-y-ora\"><em>Haz una pausa y ora<\/em><\/h5>\n\n\n\n<hr class=\"wp-block-separator is-style-dots\"\/>\n\n\n\n<h3 class=\"wp-block-heading\" id=\"haz-una-pausa\">Oraci\u00f3n de Enfoque<\/h3>\n\n\n\n<p><em><em><em><em>Jes\u00fas, T\u00fa eres el camino, la verdad y la vida. A trav\u00e9s de esta \u00e9poca de Cuaresma, mientras medito en tu Santa Pasi\u00f3n, que mi amor sea reavivado, para que pueda vivir sacrificada y enteramente para Ti.<\/em><\/em><\/em><\/em><\/p>\n\n\n\n<div style=\"height:59px\" aria-hidden=\"true\" class=\"wp-block-spacer\"><\/div>\n\n\n\n<h3 class=\"wp-block-heading\" id=\"regocijarse-y-reflexionar\">Regocijarse y Reflexionar<\/h3>\n\n\n\n<p>Hoy escojo regocijarme en el silencio elocuente del universo, uni\u00e9ndome a la alabanza ancestral de todo el pueblo de Dios en las palabras del Salmo 19&#8230;<\/p>\n\n\n\n<blockquote class=\"wp-block-quote is-layout-flow wp-block-quote-is-layout-flow\"><p>Los cielos proclaman la gloria de Dios<br> \u00a0\u00a0\u00a0\u00a0y el firmamento despliega la destreza de sus manos. <br>D\u00eda tras d\u00eda no cesan de hablar;<br> \u00a0\u00a0\u00a0\u00a0noche tras noche lo dan a conocer. <br>Hablan sin sonidos ni palabras;<br> \u00a0\u00a0\u00a0\u00a0su voz jam\u00e1s se oye. <br>Sin embargo, su mensaje se ha difundido por toda la tierra<br> \u00a0\u00a0\u00a0\u00a0y sus palabras, por todo el mundo.<\/p><cite><strong>Salmo 19:1-4 (NTV)<\/strong><\/cite><\/blockquote>\n\n\n\n<hr class=\"wp-block-separator is-style-dots\"\/>\n\n\n\n<h5 class=\"has-text-align-center wp-block-heading\" id=\"haz-una-pausa-y-ora\"><em>Haz una pausa y ora<\/em><\/h5>\n\n\n\n<hr class=\"wp-block-separator is-style-dots\"\/>\n\n\n\n<p>El consejo gobernante jud\u00edo estaba decidido a declarar culpable a Jes\u00fas. Hoy reflexiono sobre lo que ocurri\u00f3 cuando los que deb\u00edan defender la ley perdieron toda preocupaci\u00f3n por la verdad&#8230;<\/p>\n\n\n\n<blockquote class=\"wp-block-quote is-layout-flow wp-block-quote-is-layout-flow\"><p>Los jefes de los sacerdotes y el Consejo en pleno buscaban alguna prueba falsa contra Jes\u00fas para poder condenarle a muerte. Pero no la encontraron, a pesar de que se presentaron muchos falsos testigos. <br>Por fin se presentaron dos, que declararon: <br>\u2015Este hombre dijo: \u201cPuedo destruir el templo de Dios y reconstruirlo en tres d\u00edas\u201d. <br>Poni\u00e9ndose en pie, el sumo sacerdote le dijo a Jes\u00fas:<br>\u2015\u00bfNo vas a responder? \u00bfQu\u00e9 significan estas denuncias en tu contra? <br>Pero Jes\u00fas se qued\u00f3 callado.<\/p><cite><strong><strong><strong><strong><strong><strong><strong><strong><strong><strong><strong><strong><strong>Mateo 26:59-63a (NVI CST)<\/strong><\/strong><\/strong><\/strong><\/strong><\/strong><\/strong><\/strong><\/strong><\/strong><\/strong><\/strong><\/strong><\/cite><\/blockquote>\n\n\n\n<p>Cuando Jes\u00fas expuls\u00f3 a los cambistas del templo, el Evangelio de Juan dice que,\u00a0 cuando le pidieron una se\u00f1al para demostrar su autoridad para hacerlo, Jes\u00fas respondi\u00f3: \u2018Destruid este templo y yo lo levantar\u00e9 de nuevo en tres d\u00edas\u2019. (Juan 2:19).\u00a0<br><br>Ahora sus palabras se han tergiversado en su contra.<\/p>\n\n\n\n<div style=\"height:59px\" aria-hidden=\"true\" class=\"wp-block-spacer\"><\/div>\n\n\n\n<h3 class=\"wp-block-heading\" id=\"apelar-pedir\"><strong>Apelar \/ Pedir<\/strong><\/h3>\n\n\n\n<p><em><em>Se\u00f1or: te pido que protejas las palabras que escucho y digo. Que siempre hable con verdad y bondad. Y que escuche a los dem\u00e1s con claridad, sin llegar a conclusiones precipitadas, de juicio o falsas.<\/em><\/em><\/p>\n\n\n\n<hr class=\"wp-block-separator is-style-dots\"\/>\n\n\n\n<h5 class=\"has-text-align-center wp-block-heading\" id=\"haz-una-pausa-y-ora\"><em>Haz una pausa y ora<\/em><\/h5>\n\n\n\n<hr class=\"wp-block-separator is-style-dots\"\/>\n\n\n\n<p><em>Pienso en alguien que conozco y que destaca en las redes sociales; tal vez alguien con una plataforma p\u00fablica importante.<\/em><br><br><em>Se\u00f1or, que escriban con claridad y, en la medida de lo posible, que sus buenas intenciones no sean malinterpretadas. Cuando lo sean, que sepan responder con sabidur\u00eda. <\/em>\u00a0<\/p>\n\n\n\n<hr class=\"wp-block-separator is-style-dots\"\/>\n\n\n\n<h5 class=\"has-text-align-center wp-block-heading\" id=\"haz-una-pausa-y-ora\"><em>Haz una pausa y ora<\/em><\/h5>\n\n\n\n<hr class=\"wp-block-separator is-style-dots\"\/>\n\n\n\n<h2 class=\"wp-block-heading\" id=\"rendirse\"><strong>Rendirs<\/strong>e<\/h2>\n\n\n\n<p><strong>Al volver al pasaje escucho para encontrar una palabra o frase en particular que el Esp\u00edritu Santo me est\u00e9 resaltando&#8230;<\/strong><\/p>\n\n\n\n<blockquote class=\"wp-block-quote is-layout-flow wp-block-quote-is-layout-flow\"><p>Los jefes de los sacerdotes y el Consejo en pleno buscaban alguna prueba falsa contra Jes\u00fas para poder condenarle a muerte. Pero no la encontraron, a pesar de que se presentaron muchos falsos testigos. <br>Por fin se presentaron dos, que declararon: <br>\u2015Este hombre dijo: \u201cPuedo destruir el templo de Dios y reconstruirlo en tres d\u00edas\u201d. <br>Poni\u00e9ndose en pie, el sumo sacerdote le dijo a Jes\u00fas:<br>\u2015\u00bfNo vas a responder? \u00bfQu\u00e9 significan estas denuncias en tu contra? <br>Pero Jes\u00fas se qued\u00f3 callado.<\/p><cite><strong><strong><strong><strong><strong><strong><strong><strong><strong><strong><strong><strong><strong>Mateo 26:59-63a (NVI CST)<\/strong><\/strong><\/strong><\/strong><\/strong><\/strong><\/strong><\/strong><\/strong><\/strong><\/strong><\/strong><\/strong><\/cite><\/blockquote>\n\n\n\n<p>La frase que me llama la atenci\u00f3n de este pasaje es: \u2018Jes\u00fas se qued\u00f3 callado\u2019.\u00a0<br><br>Sin duda, Jes\u00fas debi\u00f3 de desear explicarse; corregir el malentendido; exponer su caso. Pero no: \u2018\u00c9l fue como cordero llevado al matadero; como oveja enmudeci\u00f3 ante su trasquilador; y ni siquiera abri\u00f3 su boca\u2019. (Isa\u00edas 53:7).<\/p>\n\n\n\n<hr class=\"wp-block-separator is-style-dots\"\/>\n\n\n\n<h5 class=\"has-text-align-center wp-block-heading\" id=\"haz-una-pausa-y-ora\"><em>Haz una pausa y ora<\/em><\/h5>\n\n\n\n<hr class=\"wp-block-separator is-style-dots\"\/>\n\n\n\n<h3 class=\"wp-block-heading\" id=\"oracion-de-rendicion\"><strong>Oraci\u00f3n de Rendici\u00f3n<\/strong><\/h3>\n\n\n\n<p><em>Se\u00f1or: vengo a ti en la quietud de mi coraz\u00f3n, pronunciando las palabras del himno \u201cTal como soy, sin m\u00e1s decir, que a otro yo no puedo ir, y T\u00fa me invitas a venir, bendito Cristo, vengo a Ti\u2019.*<\/em><\/p>\n\n\n\n<h3 class=\"wp-block-heading\" id=\"oracion-de-rendicion\"><strong><strong>Promesa de Rendici\u00f3n<\/strong><\/strong><\/h3>\n\n\n\n<p>Y ahora, mientras me preparo para llevar este tiempo de oraci\u00f3n al d\u00eda que tengo por delante, el Se\u00f1or, que me ama, dice en el Salmo 23:\u00a0<\/p>\n\n\n\n<blockquote class=\"wp-block-quote is-layout-flow wp-block-quote-is-layout-flow\"><p>El&nbsp;Se\u00f1or&nbsp;es mi pastor, nada me falta;\nen verdes pastos me hace descansar.\nJunto a tranquilas aguas me conduce.<\/p><cite><strong><strong><strong><strong><strong><strong><strong><strong><strong><strong><strong><strong><strong>Salmo 23:1-2 (NVI CST)<\/strong><\/strong><\/strong><\/strong><\/strong><\/strong><\/strong><\/strong><\/strong><\/strong><\/strong><\/strong><\/strong><\/cite><\/blockquote>\n\n\n\n<div style=\"height:28px\" aria-hidden=\"true\" class=\"wp-block-spacer\"><\/div>\n\n\n\n<h3 class=\"wp-block-heading\" id=\"oracion-de-rendicion\"><strong>Oraci\u00f3n para concluir<\/strong><\/h3>\n\n\n\n<p><strong>Padre, ay\u00fadame a vivir este d\u00eda al m\u00e1ximo, siendo aut\u00e9ntica contigo en todo. <\/strong><br><strong>Jes\u00fas, ay\u00fadame a darme a los dem\u00e1s, siendo amable con toda la gente con la que me encuentre. <\/strong><br><strong>Esp\u00edritu, ay\u00fadame a amar a la gente que se encuentra perdida, proclamando a Cristo en todo lo que digo y hago.\u00a0<br>Am\u00e9n.<\/strong><\/p>\n\n\n\n<p>*Charlotte Elliot (1789-1871), \u201cTal como soy\u201d\u00a0<\/p>\n","protected":false},"excerpt":{"rendered":"<p>Hoy es s\u00e1bado, 26 de marzo y esta semana estamos explorando los acontecimientos que tuvieron lugar cuando arrestaron a Jes\u00fas. Haz una pausa Ahora, al iniciar mi tiempo de oraci\u00f3n, hago una pausa para estar quieta; para respirar lentamente, para re-centrar mis sentidos, que se encuentran dispersos, delante de la presencia de Dios. Haz una [&hellip;]<\/p>\n","protected":false},"author":216,"featured_media":8621,"comment_status":"closed","ping_status":"open","sticky":false,"template":"","format":"standard","meta":{"_acf_changed":false,"inline_featured_image":false,"footnotes":""},"categories":[369,206],"tags":[],"author_slug":[370],"blog_series":[383],"topic":[353],"class_list":["post-8984","post","type-post","status-publish","format-standard","has-post-thumbnail","hentry","category-lectio365","category-blog-es","author_slug-oracion-24-7","blog_series-la-pasion","topic-orar"],"acf":[],"_links":{"self":[{"href":"https:\/\/staging.24-7prayer.com\/es\/wp-json\/wp\/v2\/posts\/8984","targetHints":{"allow":["GET"]}}],"collection":[{"href":"https:\/\/staging.24-7prayer.com\/es\/wp-json\/wp\/v2\/posts"}],"about":[{"href":"https:\/\/staging.24-7prayer.com\/es\/wp-json\/wp\/v2\/types\/post"}],"author":[{"embeddable":true,"href":"https:\/\/staging.24-7prayer.com\/es\/wp-json\/wp\/v2\/users\/216"}],"replies":[{"embeddable":true,"href":"https:\/\/staging.24-7prayer.com\/es\/wp-json\/wp\/v2\/comments?post=8984"}],"version-history":[{"count":2,"href":"https:\/\/staging.24-7prayer.com\/es\/wp-json\/wp\/v2\/posts\/8984\/revisions"}],"predecessor-version":[{"id":8986,"href":"https:\/\/staging.24-7prayer.com\/es\/wp-json\/wp\/v2\/posts\/8984\/revisions\/8986"}],"wp:featuredmedia":[{"embeddable":true,"href":"https:\/\/staging.24-7prayer.com\/es\/wp-json\/wp\/v2\/media\/8621"}],"wp:attachment":[{"href":"https:\/\/staging.24-7prayer.com\/es\/wp-json\/wp\/v2\/media?parent=8984"}],"wp:term":[{"taxonomy":"category","embeddable":true,"href":"https:\/\/staging.24-7prayer.com\/es\/wp-json\/wp\/v2\/categories?post=8984"},{"taxonomy":"post_tag","embeddable":true,"href":"https:\/\/staging.24-7prayer.com\/es\/wp-json\/wp\/v2\/tags?post=8984"},{"taxonomy":"author_slug","embeddable":true,"href":"https:\/\/staging.24-7prayer.com\/es\/wp-json\/wp\/v2\/author_slug?post=8984"},{"taxonomy":"blog_series","embeddable":true,"href":"https:\/\/staging.24-7prayer.com\/es\/wp-json\/wp\/v2\/blog_series?post=8984"},{"taxonomy":"topic","embeddable":true,"href":"https:\/\/staging.24-7prayer.com\/es\/wp-json\/wp\/v2\/topic?post=8984"}],"curies":[{"name":"wp","href":"https:\/\/api.w.org\/{rel}","templated":true}]}}