{"id":8890,"date":"2022-03-21T05:00:00","date_gmt":"2022-03-21T05:00:00","guid":{"rendered":"https:\/\/staging.24-7prayer.com\/?p=8890"},"modified":"2022-03-16T22:12:45","modified_gmt":"2022-03-16T22:12:45","slug":"ha-llegado-la-hora","status":"publish","type":"post","link":"https:\/\/staging.24-7prayer.com\/es\/ha-llegado-la-hora\/","title":{"rendered":"Ha llegado la hora"},"content":{"rendered":"\n<div class=\"wp-block-buttons is-content-justification-center is-layout-flex wp-container-core-buttons-is-layout-a89b3969 wp-block-buttons-is-layout-flex\"><\/div>\n\n\n\n<iframe loading=\"lazy\" style=\"border-radius:12px\" src=\"https:\/\/open.spotify.com\/embed\/show\/6stSy5pU6jhldWvyb20Tew?utm_source=generator\" width=\"100%\" height=\"232\" frameborder=\"0\" allowfullscreen=\"\" allow=\"autoplay; clipboard-write; encrypted-media; fullscreen; picture-in-picture\"><\/iframe>\n\n\n\n<p>Hoy es lunes, 21 de marzo y con el evangelio de Mateo como nuestra gu\u00eda a trav\u00e9s de esta \u00e9poca de Cuaresma, continuamos nuestro viaje con Jes\u00fas hacia la cruz y la resurrecci\u00f3n. La semana pasada dejamos a Jes\u00fas orando en Getseman\u00ed. Esta semana vamos a explorar c\u00f3mo fue arrestado.<\/p>\n\n\n\n<h3 class=\"wp-block-heading\" id=\"haz-una-pausa\">Haz una pausa<\/h3>\n\n\n\n<p><strong><em><strong><em><strong><em><strong><em><strong><em>Ahora, al iniciar mi tiempo de oraci\u00f3n, hago una pausa para estar quieta; para respirar lentamente, para re-centrar mis sentidos, que se encuentran dispersos, delante de la presencia de Dios.<\/em><\/strong><\/em><\/strong><\/em><\/strong><\/em><\/strong><\/em><\/strong><\/p>\n\n\n\n<hr class=\"wp-block-separator is-style-dots\"\/>\n\n\n\n<h5 class=\"has-text-align-center wp-block-heading\" id=\"haz-una-pausa-y-ora\"><em>Haz una pausa y ora<\/em><\/h5>\n\n\n\n<hr class=\"wp-block-separator is-style-dots\"\/>\n\n\n\n<h3 class=\"wp-block-heading\" id=\"haz-una-pausa\">Oraci\u00f3n de Enfoque<\/h3>\n\n\n\n<p><em><em><em><em>Jes\u00fas, T\u00fa eres el camino, la verdad y la vida. A trav\u00e9s de esta \u00e9poca de Cuaresma, mientras medito en tu Santa Pasi\u00f3n, que mi amor sea reavivado, para que pueda vivir sacrificada y enteramente para Ti.<\/em><\/em><\/em><\/em><\/p>\n\n\n\n<div style=\"height:59px\" aria-hidden=\"true\" class=\"wp-block-spacer\"><\/div>\n\n\n\n<h3 class=\"wp-block-heading\" id=\"regocijarse-y-reflexionar\">Regocijarse y Reflexionar<\/h3>\n\n\n\n<p>Hoy escojo regocijarme en el cuidado constante de Dios, uni\u00e9ndome a la alabanza ancestral de todo el pueblo de Dios en las palabras del Salmo 121&#8230;<\/p>\n\n\n\n<blockquote class=\"wp-block-quote is-layout-flow wp-block-quote-is-layout-flow\"><p>\u00c9l no permitir\u00e1 que tropieces;<br>     el que te cuida no se dormir\u00e1. <br>En efecto, el que cuida a Israel<br>     nunca duerme ni se adormece.<\/p><cite><strong><strong><strong><strong><strong><strong><strong><strong><strong>Salmo 121:3-4 (NTV)<\/strong><\/strong><\/strong><\/strong><\/strong><\/strong><\/strong><\/strong><\/strong><\/cite><\/blockquote>\n\n\n\n<hr class=\"wp-block-separator is-style-dots\"\/>\n\n\n\n<h5 class=\"has-text-align-center wp-block-heading\" id=\"haz-una-pausa-y-ora\"><em>Haz una pausa y ora<\/em><\/h5>\n\n\n\n<hr class=\"wp-block-separator is-style-dots\"\/>\n\n\n\n<p>Hoy medito en la tercera vez que Jes\u00fas vuelve a sus disc\u00edpulos. Solo, \u00e9l ha orado: \u00abPadre m\u00edo, si es posible, no me hagas beber este trago amargo. Pero no sea lo que yo quiero, sino lo que quieres t\u00fa\u00bb.&nbsp;<\/p>\n\n\n\n<blockquote class=\"wp-block-quote is-layout-flow wp-block-quote-is-layout-flow\"><p>Cuando volvi\u00f3, otra vez les encontr\u00f3 dormidos, porque se les cerraban los ojos de sue\u00f1o. As\u00ed que les dej\u00f3 y se retir\u00f3 a orar por tercera vez, diciendo lo mismo.\nVolvi\u00f3 de nuevo a los disc\u00edpulos y les dijo: \u00ab\u00bfSegu\u00eds durmiendo y descansando? Mirad, se acerca la hora, y el Hijo del hombre va a ser entregado en manos de pecadores. \u00a1Levantaos! \u00a1V\u00e1monos! \u00a1Ah\u00ed viene el que me traiciona!\u00bb<\/p><cite><strong><strong><strong><strong><strong><strong><strong><strong><strong>Mateo 26:43-46 (NVI CST)<\/strong><\/strong><\/strong><\/strong><\/strong><\/strong><\/strong><\/strong><\/strong><\/cite><\/blockquote>\n\n\n\n<p>\u2018Jes\u00fas tuvo que pelear esta batalla solo\u2019, escribe William Barclay. \u2018Esto es una realidad para todos. Hay ciertas cosas que debemos enfrentar y ciertas decisiones que debemos tomar en la espantosa soledad de nuestra propia alma; hay momentos en los que los dem\u00e1s ayudantes fallan y los consuelos huyen; pero en esa soledad est\u00e1 la presencia de aquel que, en Getseman\u00ed, la experiment\u00f3 y la super\u00f3\u2019.*<\/p>\n\n\n\n<div style=\"height:59px\" aria-hidden=\"true\" class=\"wp-block-spacer\"><\/div>\n\n\n\n<h3 class=\"wp-block-heading\" id=\"apelar-pedir\"><strong>Apelar \/ Pedir<\/strong><\/h3>\n\n\n\n<p>\u00bfHay algo que tengo que enfrentar hoy en la soledad de mi alma? \u00bfUna decisi\u00f3n que debo tomar? \u00bfUna conversaci\u00f3n dif\u00edcil que no puedo posponer por m\u00e1s tiempo?<br><br><em>Se\u00f1or Jes\u00fas: T\u00fa sabes lo que se siente al estar totalmente solo, as\u00ed que, por favor, acomp\u00e1\u00f1ame hoy. \u2018Cuando tengo miedo pongo en ti mi confianza\u2019. (Salmo 56:3)<\/em><\/p>\n\n\n\n<hr class=\"wp-block-separator is-style-dots\"\/>\n\n\n\n<h5 class=\"has-text-align-center wp-block-heading\" id=\"haz-una-pausa-y-ora\"><em>Haz una pausa y ora<\/em><\/h5>\n\n\n\n<hr class=\"wp-block-separator is-style-dots\"\/>\n\n\n\n<p><em>Se\u00f1or: te pido por los cristianos que se encuentran realmente solos; hermanos y hermanas que son rechazados por sus propias familias que se oponen a la fe en Jes\u00fas o son perseguidos y encarcelados por reg\u00edmenes hostiles. Que encuentren alegr\u00eda y fuerza en ti.<\/em><\/p>\n\n\n\n<hr class=\"wp-block-separator is-style-dots\"\/>\n\n\n\n<h5 class=\"has-text-align-center wp-block-heading\" id=\"haz-una-pausa-y-ora\"><em>Haz una pausa y ora<\/em><\/h5>\n\n\n\n<hr class=\"wp-block-separator is-style-dots\"\/>\n\n\n\n<h2 class=\"wp-block-heading\" id=\"rendirse\"><strong>Rendirs<\/strong>e<\/h2>\n\n\n\n<p><strong><em><strong><em>Al volver al pasaje, abro mis o\u00eddos para escuchar tu Palabra, y mi coraz\u00f3n para rendirme a tu voluntad una vez m\u00e1s.<\/em><\/strong><\/em><\/strong><\/p>\n\n\n\n<blockquote class=\"wp-block-quote is-layout-flow wp-block-quote-is-layout-flow\"><p>Cuando volvi\u00f3, otra vez les encontr\u00f3 dormidos, porque se les cerraban los ojos de sue\u00f1o. As\u00ed que les dej\u00f3 y se retir\u00f3 a orar por tercera vez, diciendo lo mismo.\nVolvi\u00f3 de nuevo a los disc\u00edpulos y les dijo: \u00ab\u00bfSegu\u00eds durmiendo y descansando? Mirad, se acerca la hora, y el Hijo del hombre va a ser entregado en manos de pecadores. \u00a1Levantaos! \u00a1V\u00e1monos! \u00a1Ah\u00ed viene el que me traiciona!\u00bb<\/p><cite><strong><strong><strong><strong><strong><strong><strong><strong><strong>Mateo 26:43-46 (NVI CST)<\/strong><\/strong><\/strong><\/strong><\/strong><\/strong><\/strong><\/strong><\/strong><\/cite><\/blockquote>\n\n\n\n<p>Hay un tiempo para orar, pero llega la hora en que debo levantarme, dejar de estar de rodillas y enfrentarme a los desaf\u00edos de la vida que tengo frente a m\u00ed. No oro para escapar de la realidad. Oro para que, despu\u00e9s de haber orado, pueda levantarme y afrontar la batalla, sea cual sea.&nbsp;&nbsp;&nbsp;&nbsp;<\/p>\n\n\n\n<hr class=\"wp-block-separator is-style-dots\"\/>\n\n\n\n<h5 class=\"has-text-align-center wp-block-heading\" id=\"haz-una-pausa-y-ora\"><em>Haz una pausa y ora<\/em><\/h5>\n\n\n\n<hr class=\"wp-block-separator is-style-dots\"\/>\n\n\n\n<h3 class=\"wp-block-heading\" id=\"oracion-de-rendicion\"><strong>Oraci\u00f3n de Rendici\u00f3n<\/strong><\/h3>\n\n\n\n<p><em>Se\u00f1or: me rindo a tu llamada a levantarme y enfrentar la vida mientras me dices: \u2018\u00a1Lev\u00e1ntate! \u00a1Adelante!\u2019<\/em><br><\/p>\n\n\n\n<h3 class=\"wp-block-heading\" id=\"oracion-de-rendicion\"><strong><strong>Promesa de Rendici\u00f3n<\/strong><\/strong><\/h3>\n\n\n\n<p>Y ahora, mientras me preparo para llevar este tiempo de oraci\u00f3n al d\u00eda que tengo por delante, el Se\u00f1or me recuerda en Isa\u00edas 54 que:&nbsp;<\/p>\n\n\n\n<blockquote class=\"wp-block-quote is-layout-flow wp-block-quote-is-layout-flow\"><p>\u2026ning\u00fan arma que te ataque triunfar\u00e1. <br>Silenciar\u00e1s cuanta voz<br>     se levante para acusarte. <br>Estos beneficios los disfrutan los siervos del Se\u00f1or;<br>     yo ser\u00e9 quien los reivindique.<br>     \u00a1Yo, el Se\u00f1or, he hablado!<\/p><cite><strong><strong><strong><strong><strong><strong><strong><strong><strong>Isa\u00edas 54:17 (NTV)<\/strong><\/strong><\/strong><\/strong><\/strong><\/strong><\/strong><\/strong><\/strong><\/cite><\/blockquote>\n\n\n\n<div style=\"height:28px\" aria-hidden=\"true\" class=\"wp-block-spacer\"><\/div>\n\n\n\n<h3 class=\"wp-block-heading\" id=\"oracion-de-rendicion\"><strong>Oraci\u00f3n para concluir<\/strong><\/h3>\n\n\n\n<p><strong>Padre, ay\u00fadame a vivir este d\u00eda al m\u00e1ximo, siendo aut\u00e9ntica contigo en todo. <\/strong><br><strong>Jes\u00fas, ay\u00fadame a darme a los dem\u00e1s, siendo amable con toda la gente con la que me encuentre. <\/strong><br><strong>Esp\u00edritu, ay\u00fadame a amar a la gente que se encuentra perdida, proclamando a Cristo en todo lo que digo y hago.\u00a0<br>Am\u00e9n.<\/strong><\/p>\n\n\n\n<p>*William Barclay, The Daily Study Bible: The Gospel of Matthew, Volume 2. [Revised Edition](Edinburgh: Saint Andrew Press, 1957 [1975]) p.349. <em>Adapted.\u00a0<\/em><\/p>\n","protected":false},"excerpt":{"rendered":"<p>Hoy es lunes, 21 de marzo y con el evangelio de Mateo como nuestra gu\u00eda a trav\u00e9s de esta \u00e9poca de Cuaresma, continuamos nuestro viaje con Jes\u00fas hacia la cruz y la resurrecci\u00f3n. La semana pasada dejamos a Jes\u00fas orando en Getseman\u00ed. Esta semana vamos a explorar c\u00f3mo fue arrestado. Haz una pausa Ahora, al [&hellip;]<\/p>\n","protected":false},"author":216,"featured_media":8621,"comment_status":"closed","ping_status":"open","sticky":false,"template":"","format":"standard","meta":{"_acf_changed":false,"inline_featured_image":false,"footnotes":""},"categories":[369,206],"tags":[],"author_slug":[370],"blog_series":[383],"topic":[353],"class_list":["post-8890","post","type-post","status-publish","format-standard","has-post-thumbnail","hentry","category-lectio365","category-blog-es","author_slug-oracion-24-7","blog_series-la-pasion","topic-orar"],"acf":[],"_links":{"self":[{"href":"https:\/\/staging.24-7prayer.com\/es\/wp-json\/wp\/v2\/posts\/8890","targetHints":{"allow":["GET"]}}],"collection":[{"href":"https:\/\/staging.24-7prayer.com\/es\/wp-json\/wp\/v2\/posts"}],"about":[{"href":"https:\/\/staging.24-7prayer.com\/es\/wp-json\/wp\/v2\/types\/post"}],"author":[{"embeddable":true,"href":"https:\/\/staging.24-7prayer.com\/es\/wp-json\/wp\/v2\/users\/216"}],"replies":[{"embeddable":true,"href":"https:\/\/staging.24-7prayer.com\/es\/wp-json\/wp\/v2\/comments?post=8890"}],"version-history":[{"count":5,"href":"https:\/\/staging.24-7prayer.com\/es\/wp-json\/wp\/v2\/posts\/8890\/revisions"}],"predecessor-version":[{"id":8916,"href":"https:\/\/staging.24-7prayer.com\/es\/wp-json\/wp\/v2\/posts\/8890\/revisions\/8916"}],"wp:featuredmedia":[{"embeddable":true,"href":"https:\/\/staging.24-7prayer.com\/es\/wp-json\/wp\/v2\/media\/8621"}],"wp:attachment":[{"href":"https:\/\/staging.24-7prayer.com\/es\/wp-json\/wp\/v2\/media?parent=8890"}],"wp:term":[{"taxonomy":"category","embeddable":true,"href":"https:\/\/staging.24-7prayer.com\/es\/wp-json\/wp\/v2\/categories?post=8890"},{"taxonomy":"post_tag","embeddable":true,"href":"https:\/\/staging.24-7prayer.com\/es\/wp-json\/wp\/v2\/tags?post=8890"},{"taxonomy":"author_slug","embeddable":true,"href":"https:\/\/staging.24-7prayer.com\/es\/wp-json\/wp\/v2\/author_slug?post=8890"},{"taxonomy":"blog_series","embeddable":true,"href":"https:\/\/staging.24-7prayer.com\/es\/wp-json\/wp\/v2\/blog_series?post=8890"},{"taxonomy":"topic","embeddable":true,"href":"https:\/\/staging.24-7prayer.com\/es\/wp-json\/wp\/v2\/topic?post=8890"}],"curies":[{"name":"wp","href":"https:\/\/api.w.org\/{rel}","templated":true}]}}