{"id":8881,"date":"2022-03-19T05:05:00","date_gmt":"2022-03-19T05:05:00","guid":{"rendered":"https:\/\/staging.24-7prayer.com\/?p=8881"},"modified":"2022-03-16T19:31:26","modified_gmt":"2022-03-16T19:31:26","slug":"velad-conmigo","status":"publish","type":"post","link":"https:\/\/staging.24-7prayer.com\/es\/velad-conmigo\/","title":{"rendered":"Velad conmigo"},"content":{"rendered":"\n<div class=\"wp-block-buttons is-content-justification-center is-layout-flex wp-container-core-buttons-is-layout-a89b3969 wp-block-buttons-is-layout-flex\"><\/div>\n\n\n\n<iframe loading=\"lazy\" style=\"border-radius:12px\" src=\"https:\/\/open.spotify.com\/embed\/show\/6stSy5pU6jhldWvyb20Tew?utm_source=generator\" width=\"100%\" height=\"232\" frameborder=\"0\" allowfullscreen=\"\" allow=\"autoplay; clipboard-write; encrypted-media; fullscreen; picture-in-picture\"><\/iframe>\n\n\n\n<p>Hoy es s\u00e1bado, 19 de marzo, y esta semana estamos meditando en los acontecimientos que tuvieron lugar el d\u00eda antes de la crucifixi\u00f3n de Jes\u00fas, seg\u00fan los narra el libro de Mateo.<\/p>\n\n\n\n<h3 class=\"wp-block-heading\" id=\"haz-una-pausa\">Haz una pausa<\/h3>\n\n\n\n<p><strong><em><strong><em><strong><em><strong><em><strong><em>Ahora, al iniciar mi tiempo de oraci\u00f3n, hago una pausa para estar quieto; para respirar lentamente, para re-centrar mis sentidos, que se encuentran dispersos, delante de la presencia de Dios.<\/em><\/strong><\/em><\/strong><\/em><\/strong><\/em><\/strong><\/em><\/strong><\/p>\n\n\n\n<hr class=\"wp-block-separator is-style-dots\"\/>\n\n\n\n<h5 class=\"has-text-align-center wp-block-heading\" id=\"haz-una-pausa-y-ora\"><em>Haz una pausa y ora<\/em><\/h5>\n\n\n\n<hr class=\"wp-block-separator is-style-dots\"\/>\n\n\n\n<h3 class=\"wp-block-heading\" id=\"haz-una-pausa\">Oraci\u00f3n de Enfoque<\/h3>\n\n\n\n<p><em><em><em><em>Jes\u00fas, T\u00fa eres el camino, la verdad y la vida. A trav\u00e9s de esta \u00e9poca de Cuaresma, mientras medito en tu Santa Pasi\u00f3n, que mi amor sea reavivado, para que pueda vivir sacrificada y enteramente para Ti.<\/em><\/em><\/em><\/em><\/p>\n\n\n\n<div style=\"height:59px\" aria-hidden=\"true\" class=\"wp-block-spacer\"><\/div>\n\n\n\n<h3 class=\"wp-block-heading\" id=\"regocijarse-y-reflexionar\">Regocijarse y Reflexionar<\/h3>\n\n\n\n<p>Hoy me uno al clamor ancestral de todo el pueblo de Dios haciendo eco del anhelo y el lamento del Salmo 88&#8230;<\/p>\n\n\n\n<blockquote class=\"wp-block-quote is-layout-flow wp-block-quote-is-layout-flow\"><p>Oh&nbsp;Se\u00f1or, Dios de mi salvaci\u00f3n,<br> &nbsp;&nbsp;&nbsp;&nbsp;a ti clamo de d\u00eda.<br> &nbsp;&nbsp;&nbsp;&nbsp;A ti vengo de noche. <br>Oye ahora mi oraci\u00f3n;<br> &nbsp;&nbsp;&nbsp;&nbsp;escucha mi clamor. <br>Mi vida est\u00e1 llena de dificultades,<br> &nbsp;&nbsp;&nbsp;&nbsp;y la muerte&nbsp;se acerca. <\/p><cite><strong>Salmo 88:1-3 (NTV)<\/strong><\/cite><\/blockquote>\n\n\n\n<hr class=\"wp-block-separator is-style-dots\"\/>\n\n\n\n<h5 class=\"has-text-align-center wp-block-heading\" id=\"haz-una-pausa-y-ora\"><em>Haz una pausa y ora<\/em><\/h5>\n\n\n\n<hr class=\"wp-block-separator is-style-dots\"\/>\n\n\n\n<p>En el jard\u00edn de Getseman\u00ed Jes\u00fas hab\u00eda llevado a sus amigos, Pedro, Santiago y Juan para que estuvieran cerca mientras \u00c9l luchaba en oraci\u00f3n a solas. Hoy, reflexiono sobre lo que Jes\u00fas encontr\u00f3 cuando volvi\u00f3 con ellos&#8230;<\/p>\n\n\n\n<blockquote class=\"wp-block-quote is-layout-flow wp-block-quote-is-layout-flow\"><p>Luego volvi\u00f3 adonde estaban sus disc\u00edpulos y los encontr\u00f3 dormidos. \u00ab\u00bfNo pudisteis permanecer despiertos conmigo ni una hora? \u2014le dijo a Pedro\u2014.&nbsp;Estad alerta y orad para no caer en tentaci\u00f3n. El esp\u00edritu est\u00e1 dispuesto, pero el cuerpo&nbsp;es d\u00e9bil\u00bb.\nPor segunda vez se retir\u00f3 y or\u00f3: \u00abPadre m\u00edo, si no es posible evitar que yo beba este trago amargo, h\u00e1gase tu voluntad\u00bb.<\/p><cite><strong><strong><strong><strong><strong><strong><strong><strong><strong>Mateo 26:40-42 (NVI CST)<\/strong><\/strong><\/strong><\/strong><\/strong><\/strong><\/strong><\/strong><\/strong><\/cite><\/blockquote>\n\n\n\n<p>Conozco la historia de los disc\u00edpulos en Getseman\u00ed porque la repito en mi propia vida casi todos los d\u00edas. Mi esp\u00edritu est\u00e1 dispuesto a ser fiel a Cristo, a ser amable con la gente, a hablar y a llevar las buenas noticias dondequiera que vaya; pero con mucha frecuencia mi carne es d\u00e9bil.<br><br>El ap\u00f3stol Pablo comparti\u00f3 la misma lucha. \u2018Quiero hacer lo que es bueno, pero no lo hago\u2019, escribi\u00f3. \u2018No quiero hacer lo que est\u00e1 mal, pero igual lo hago\u2019. (Romanos 7:19, NTV)<\/p>\n\n\n\n<div style=\"height:59px\" aria-hidden=\"true\" class=\"wp-block-spacer\"><\/div>\n\n\n\n<h3 class=\"wp-block-heading\" id=\"apelar-pedir\"><strong>Apelar \/ Pedir<\/strong><\/h3>\n\n\n\n<p>\u00bfQu\u00e9 bien he querido hacer, pero no lo he hecho? \u00bfQu\u00e9 mal he hecho, aunque no haya querido?<\/p>\n\n\n\n<hr class=\"wp-block-separator is-style-dots\"\/>\n\n\n\n<h5 class=\"has-text-align-center wp-block-heading\" id=\"haz-una-pausa-y-ora\"><em>Haz una pausa y ora<\/em><\/h5>\n\n\n\n<hr class=\"wp-block-separator is-style-dots\"\/>\n\n\n\n<p>Jes\u00fas les pregunt\u00f3 a sus disc\u00edpulos: \u2018\u00bfNo pod\u00e9is velar y orar conmigo?\u2019 \u00bfHay alguien por quien Jes\u00fas me pide que &#8220;vele y ore&#8221; en este momento?<br><br><em>Mientras les nombro ante ti, Se\u00f1or, te pido que me des fuerzas para orar con perseverancia hasta que ocurra algo.<\/em><\/p>\n\n\n\n<hr class=\"wp-block-separator is-style-dots\"\/>\n\n\n\n<h5 class=\"has-text-align-center wp-block-heading\" id=\"haz-una-pausa-y-ora\"><em>Haz una pausa y ora<\/em><\/h5>\n\n\n\n<hr class=\"wp-block-separator is-style-dots\"\/>\n\n\n\n<h2 class=\"wp-block-heading\" id=\"rendirse\"><strong>Rendirs<\/strong>e<\/h2>\n\n\n\n<p><strong><em>Al volver al pasaje, abro mis o\u00eddos para escuchar tu Palabra, y mi coraz\u00f3n para rendirme a tu voluntad una vez m\u00e1s.<\/em><\/strong><\/p>\n\n\n\n<blockquote class=\"wp-block-quote is-layout-flow wp-block-quote-is-layout-flow\"><p>Luego volvi\u00f3 adonde estaban sus disc\u00edpulos y los encontr\u00f3 dormidos. \u00ab\u00bfNo pudisteis permanecer despiertos conmigo ni una hora? \u2014le dijo a Pedro\u2014.&nbsp;Estad alerta y orad para no caer en tentaci\u00f3n. El esp\u00edritu est\u00e1 dispuesto, pero el cuerpo&nbsp;es d\u00e9bil\u00bb.\nPor segunda vez se retir\u00f3 y or\u00f3: \u00abPadre m\u00edo, si no es posible evitar que yo beba este trago amargo, h\u00e1gase tu voluntad\u00bb.<\/p><cite><strong><strong><strong><strong><strong><strong><strong><strong><strong>Mateo 26:40-42 (NVI CST)<\/strong><\/strong><\/strong><\/strong><\/strong><\/strong><\/strong><\/strong><\/strong><\/cite><\/blockquote>\n\n\n\n<p>Jes\u00fas sab\u00eda que estaba a punto de morir. Como su seguidor, es posible que tambi\u00e9n sufra penalidades. Puedo sufrir, y un d\u00eda morir\u00e9. Y sin embargo, como dice el ap\u00f3stol Pablo: No me \u2018entristezco como la gente que no tiene esperanza\u2019. (1 Tesalonicenses 4:13b, NTV)\u00a0<br><br>Mi dolor se ve atenuado por la esperanza porque, como dijo C.S. Lewis, en las Cr\u00f3nicas de Narnia: \u2018La muerte es solo el comienzo de la historia real\u2026 la Gran Historia, que nadie en la tierra ha le\u00eddo: que contin\u00faa por siempre: en la que cada cap\u00edtulo es mejor que el anterior\u2019.*<\/p>\n\n\n\n<hr class=\"wp-block-separator is-style-dots\"\/>\n\n\n\n<h5 class=\"has-text-align-center wp-block-heading\" id=\"haz-una-pausa-y-ora\"><em>Haz una pausa y ora<\/em><\/h5>\n\n\n\n<hr class=\"wp-block-separator is-style-dots\"\/>\n\n\n\n<h3 class=\"wp-block-heading\" id=\"oracion-de-rendicion\"><strong>Oraci\u00f3n de Rendici\u00f3n<\/strong><\/h3>\n\n\n\n<p><em>Jes\u00fas: a veces me resulta dif\u00edcil mirar m\u00e1s all\u00e1 de mis circunstancias actuales, especialmente cuando la vida es dif\u00edcil, y aun as\u00ed recordar la esperanza que me espera en los cap\u00edtulos venideros. Ay\u00fadame a fijar mis ojos en ti y a seguirte.\u00a0<\/em><br><\/p>\n\n\n\n<h3 class=\"wp-block-heading\" id=\"oracion-de-rendicion\"><strong><strong>Promesa de Rendici\u00f3n<\/strong><\/strong><\/h3>\n\n\n\n<p>Y ahora, mientras me preparo para llevar este tiempo de oraci\u00f3n al d\u00eda que tengo por delante, el Se\u00f1or, que me ama, dice en Juan 10:<\/p>\n\n\n\n<blockquote class=\"wp-block-quote is-layout-flow wp-block-quote-is-layout-flow\"><p>\u2018Les doy vida eterna, y nunca perecer\u00e1n. Nadie puede quit\u00e1rmelas, porque mi Padre me las ha dado, y \u00e9l es m\u00e1s poderoso que todos\u2019.<\/p><cite><strong><strong><strong><strong><strong><strong><strong><strong><strong>Juan 10:28-29a (NTV)<\/strong><\/strong><\/strong><\/strong><\/strong><\/strong><\/strong><\/strong><\/strong><\/cite><\/blockquote>\n\n\n\n<div style=\"height:28px\" aria-hidden=\"true\" class=\"wp-block-spacer\"><\/div>\n\n\n\n<h3 class=\"wp-block-heading\" id=\"oracion-de-rendicion\"><strong>Oraci\u00f3n para concluir<\/strong><\/h3>\n\n\n\n<p><strong>Padre, ay\u00fadame a vivir este d\u00eda al m\u00e1ximo, siendo aut\u00e9ntico contigo en todo. <\/strong><br><strong>Jes\u00fas, ay\u00fadame a darme a los dem\u00e1s, siendo amable con toda la gente con la que me encuentre. <\/strong><br><strong>Esp\u00edritu, ay\u00fadame a amar a la gente que se encuentra perdida, proclamando a Cristo en todo lo que digo y hago.\u00a0<br>Am\u00e9n.<\/strong><br><br>*C.S. Lewis, La \u00faltima batalla, Las cr\u00f3nicas de Narnia.<\/p>\n","protected":false},"excerpt":{"rendered":"<p>Hoy es s\u00e1bado, 19 de marzo, y esta semana estamos meditando en los acontecimientos que tuvieron lugar el d\u00eda antes de la crucifixi\u00f3n de Jes\u00fas, seg\u00fan los narra el libro de Mateo. Haz una pausa Ahora, al iniciar mi tiempo de oraci\u00f3n, hago una pausa para estar quieto; para respirar lentamente, para re-centrar mis sentidos, [&hellip;]<\/p>\n","protected":false},"author":216,"featured_media":8621,"comment_status":"closed","ping_status":"open","sticky":false,"template":"","format":"standard","meta":{"_acf_changed":false,"inline_featured_image":false,"footnotes":""},"categories":[369,206],"tags":[],"author_slug":[370],"blog_series":[383],"topic":[353],"class_list":["post-8881","post","type-post","status-publish","format-standard","has-post-thumbnail","hentry","category-lectio365","category-blog-es","author_slug-oracion-24-7","blog_series-la-pasion","topic-orar"],"acf":[],"_links":{"self":[{"href":"https:\/\/staging.24-7prayer.com\/es\/wp-json\/wp\/v2\/posts\/8881","targetHints":{"allow":["GET"]}}],"collection":[{"href":"https:\/\/staging.24-7prayer.com\/es\/wp-json\/wp\/v2\/posts"}],"about":[{"href":"https:\/\/staging.24-7prayer.com\/es\/wp-json\/wp\/v2\/types\/post"}],"author":[{"embeddable":true,"href":"https:\/\/staging.24-7prayer.com\/es\/wp-json\/wp\/v2\/users\/216"}],"replies":[{"embeddable":true,"href":"https:\/\/staging.24-7prayer.com\/es\/wp-json\/wp\/v2\/comments?post=8881"}],"version-history":[{"count":7,"href":"https:\/\/staging.24-7prayer.com\/es\/wp-json\/wp\/v2\/posts\/8881\/revisions"}],"predecessor-version":[{"id":8912,"href":"https:\/\/staging.24-7prayer.com\/es\/wp-json\/wp\/v2\/posts\/8881\/revisions\/8912"}],"wp:featuredmedia":[{"embeddable":true,"href":"https:\/\/staging.24-7prayer.com\/es\/wp-json\/wp\/v2\/media\/8621"}],"wp:attachment":[{"href":"https:\/\/staging.24-7prayer.com\/es\/wp-json\/wp\/v2\/media?parent=8881"}],"wp:term":[{"taxonomy":"category","embeddable":true,"href":"https:\/\/staging.24-7prayer.com\/es\/wp-json\/wp\/v2\/categories?post=8881"},{"taxonomy":"post_tag","embeddable":true,"href":"https:\/\/staging.24-7prayer.com\/es\/wp-json\/wp\/v2\/tags?post=8881"},{"taxonomy":"author_slug","embeddable":true,"href":"https:\/\/staging.24-7prayer.com\/es\/wp-json\/wp\/v2\/author_slug?post=8881"},{"taxonomy":"blog_series","embeddable":true,"href":"https:\/\/staging.24-7prayer.com\/es\/wp-json\/wp\/v2\/blog_series?post=8881"},{"taxonomy":"topic","embeddable":true,"href":"https:\/\/staging.24-7prayer.com\/es\/wp-json\/wp\/v2\/topic?post=8881"}],"curies":[{"name":"wp","href":"https:\/\/api.w.org\/{rel}","templated":true}]}}