{"id":8843,"date":"2022-03-14T05:03:00","date_gmt":"2022-03-14T05:03:00","guid":{"rendered":"https:\/\/staging.24-7prayer.com\/?p=8843"},"modified":"2022-03-15T07:19:50","modified_gmt":"2022-03-15T07:19:50","slug":"traicion","status":"publish","type":"post","link":"https:\/\/staging.24-7prayer.com\/es\/traicion\/","title":{"rendered":"Traici\u00f3n"},"content":{"rendered":"\n<div class=\"wp-block-buttons is-content-justification-center is-layout-flex wp-container-core-buttons-is-layout-a89b3969 wp-block-buttons-is-layout-flex\"><\/div>\n\n\n\n<iframe loading=\"lazy\" style=\"border-radius:12px\" src=\"https:\/\/open.spotify.com\/embed\/show\/6stSy5pU6jhldWvyb20Tew?utm_source=generator\" width=\"100%\" height=\"232\" frameborder=\"0\" allowfullscreen=\"\" allow=\"autoplay; clipboard-write; encrypted-media; fullscreen; picture-in-picture\"><\/iframe>\n\n\n\n<p>Hoy es lunes, 14 de marzo y esta semana vamos a meditar en los acontecimientos que tuvieron lugar el d\u00eda anterior a la crucifixi\u00f3n de Jes\u00fas, seg\u00fan los narra el evangelio de Mateo.<\/p>\n\n\n\n<h3 class=\"wp-block-heading\" id=\"haz-una-pausa\">Haz una pausa<\/h3>\n\n\n\n<p><strong><em><strong><em><strong><em><strong><em><strong><em>Ahora, al iniciar mi tiempo de oraci\u00f3n, hago una pausa para estar quieto; para respirar lentamente, para re-centrar mis sentidos, que se encuentran dispersos, delante de la presencia de Dios.<\/em><\/strong><\/em><\/strong><\/em><\/strong><\/em><\/strong><\/em><\/strong><\/p>\n\n\n\n<hr class=\"wp-block-separator is-style-dots\"\/>\n\n\n\n<h5 class=\"has-text-align-center wp-block-heading\" id=\"haz-una-pausa-y-ora\"><em>Haz una pausa y ora<\/em><\/h5>\n\n\n\n<hr class=\"wp-block-separator is-style-dots\"\/>\n\n\n\n<h3 class=\"wp-block-heading\" id=\"haz-una-pausa\">Oraci\u00f3n de Enfoque<\/h3>\n\n\n\n<p><em><em><em><em>Jes\u00fas, T\u00fa eres el camino, la verdad y la vida. A trav\u00e9s de esta \u00e9poca de Cuaresma, mientras medito en tu Santa Pasi\u00f3n, que mi amor sea reavivado, para que pueda vivir sacrificada y enteramente para Ti.<\/em><\/em><\/em><\/em><\/p>\n\n\n\n<div style=\"height:59px\" aria-hidden=\"true\" class=\"wp-block-spacer\"><\/div>\n\n\n\n<h3 class=\"wp-block-heading\" id=\"regocijarse-y-reflexionar\">Regocijarse y Reflexionar<\/h3>\n\n\n\n<p>Hoy escojo regocijarme en el cuidado de Dios, uni\u00e9ndome a la alabanza ancestral de todo el pueblo de Dios en las palabras del Salmo 55&#8230;<\/p>\n\n\n\n<blockquote class=\"wp-block-quote is-layout-flow wp-block-quote-is-layout-flow\"><p>En cuanto a mi compa\u00f1ero, \u00e9l traicion\u00f3 a sus amigos;<br> &nbsp;&nbsp;&nbsp;&nbsp;no cumpli\u00f3 sus promesas. <br>Sus palabras son tan suaves como la mantequilla,<br> &nbsp;&nbsp;&nbsp;&nbsp;pero en su coraz\u00f3n hay guerra. <br>Sus palabras son tan relajantes como una loci\u00f3n,<br> &nbsp;&nbsp;&nbsp;&nbsp;\u00a1pero por debajo son dagas! <br>Entr\u00e9gale tus cargas al&nbsp;Se\u00f1or,<br> &nbsp;&nbsp;&nbsp;&nbsp;y \u00e9l cuidar\u00e1 de ti;<\/p><cite><strong><strong><strong><strong><strong><strong>Salmo 55:20-22a (NTV)<\/strong><\/strong><\/strong><\/strong><\/strong><\/strong><\/cite><\/blockquote>\n\n\n\n<hr class=\"wp-block-separator is-style-dots\"\/>\n\n\n\n<h5 class=\"has-text-align-center wp-block-heading\" id=\"haz-una-pausa-y-ora\"><em>Haz una pausa y ora<\/em><\/h5>\n\n\n\n<hr class=\"wp-block-separator is-style-dots\"\/>\n\n\n\n<p>Habiendo encontrado un lugar para celebrar la comida de la Pascua, Jes\u00fas y sus amigos se sentaron juntos alrededor de la mesa y comenzaron a comer. Todo iba bien hasta que Jes\u00fas hizo un anuncio inquietante\u2026<\/p>\n\n\n\n<blockquote class=\"wp-block-quote is-layout-flow wp-block-quote-is-layout-flow\"><p>Al anochecer, Jes\u00fas estaba sentado a la mesa con los doce. Mientras com\u00edan, les dijo:\n\u2015Os aseguro que uno de vosotros me va a traicionar.\nEllos se entristecieron mucho, y uno por uno comenzaron a preguntarle:\n\u2015\u00bfAcaso ser\u00e9 yo, Se\u00f1or?\n\u2015El que mete la mano conmigo en el plato es el que me va a traicionar \u2014respondi\u00f3 Jes\u00fas\u2014.&nbsp;A la verdad, el Hijo del hombre se ir\u00e1, tal como est\u00e1 escrito de \u00e9l, pero \u00a1ay de aquel que lo traiciona! M\u00e1s le valdr\u00eda a ese hombre no haber nacido.\n\u2015\u00bfAcaso ser\u00e9 yo, Rab\u00ed? \u2014le dijo Judas, el que lo iba a traicionar.\n\u2015T\u00fa lo has dicho \u2014le contest\u00f3 Jes\u00fas.<\/p><cite><strong><strong><strong><strong><strong><strong>Mateo 26:20-25 (NVI CST)<\/strong><\/strong><\/strong><\/strong><\/strong><\/strong><\/cite><\/blockquote>\n\n\n\n<p>Me pregunto por qu\u00e9 traicion\u00f3 Judas a Jes\u00fas. \u00bfQuiz\u00e1s estaba decepcionado porque Jes\u00fas no estaba cumpliendo sus expectativas? O tal vez fue simplemente codicia; quer\u00eda esas treinta piezas de plata. O quiz\u00e1s fue por verg\u00fcenza; antes, en el evangelio de Mateo, leemos que Jes\u00fas hab\u00eda reprendido a Judas junto con los dem\u00e1s disc\u00edpulos por despreciar a la mujer que hab\u00eda lavado los pies de Jes\u00fas con perfume.&nbsp;<br><br>La inc\u00f3moda verdad es que hay m\u00e1s de Judas en m\u00ed de lo que me gustar\u00eda admitir.<\/p>\n\n\n\n<div style=\"height:59px\" aria-hidden=\"true\" class=\"wp-block-spacer\"><\/div>\n\n\n\n<h3 class=\"wp-block-heading\" id=\"apelar-pedir\"><strong>Apelar \/ Pedir<\/strong><\/h3>\n\n\n\n<p><em>\u00bfCon qui\u00e9n estoy decepcionado en este momento? \u00bfQui\u00e9n siento que me ha defraudado o me ha hecho da\u00f1o?<\/em><br><br><em>Se\u00f1or Jes\u00fas: te pido que me ayudes a soltar estos sentimientos. No quiero que se arraiguen en mi coraz\u00f3n y arruinen la relaci\u00f3n. Utilizando las palabras del Salmo de hoy, te doy estas cargas a ti y recibo tu cuidado hacia m\u00ed.<\/em> (Salmo 55:22a)<\/p>\n\n\n\n<hr class=\"wp-block-separator is-style-dots\"\/>\n\n\n\n<h5 class=\"has-text-align-center wp-block-heading\" id=\"haz-una-pausa-y-ora\"><em>Haz una pausa y ora<\/em><\/h5>\n\n\n\n<hr class=\"wp-block-separator is-style-dots\"\/>\n\n\n\n<p>\u00bfA qui\u00e9n conozco que haya dejado la Iglesia porque est\u00e1 enfadado con Dios; o que haya dejado a Dios porque est\u00e1 enfadado con la Iglesia?<br><br><em><em>Se\u00f1or Jes\u00fas: te pido que llegues a ellos. Mu\u00e9strame si hay alguna manera de que yo tambi\u00e9n pueda llegar a estas personas.<\/em><\/em><\/p>\n\n\n\n<hr class=\"wp-block-separator is-style-dots\"\/>\n\n\n\n<h5 class=\"has-text-align-center wp-block-heading\" id=\"haz-una-pausa-y-ora\"><em>Haz una pausa y ora<\/em><\/h5>\n\n\n\n<hr class=\"wp-block-separator is-style-dots\"\/>\n\n\n\n<h2 class=\"wp-block-heading\" id=\"rendirse\"><strong>Rendirs<\/strong>e<\/h2>\n\n\n\n<p><strong><em><strong><em>Al volver al pasaje, abro mis o\u00eddos para escuchar tu Palabra, y mi coraz\u00f3n para rendirme a tu voluntad una vez m\u00e1s.<\/em><\/strong><\/em><\/strong><\/p>\n\n\n\n<blockquote class=\"wp-block-quote is-layout-flow wp-block-quote-is-layout-flow\"><p>Al anochecer, Jes\u00fas estaba sentado a la mesa con los doce. Mientras com\u00edan, les dijo:\n\u2015Os aseguro que uno de vosotros me va a traicionar.\nEllos se entristecieron mucho, y uno por uno comenzaron a preguntarle:\n\u2015\u00bfAcaso ser\u00e9 yo, Se\u00f1or?\n\u2015El que mete la mano conmigo en el plato es el que me va a traicionar \u2014respondi\u00f3 Jes\u00fas\u2014.&nbsp;A la verdad, el Hijo del hombre se ir\u00e1, tal como est\u00e1 escrito de \u00e9l, pero \u00a1ay de aquel que lo traiciona! M\u00e1s le valdr\u00eda a ese hombre no haber nacido.\n\u2015\u00bfAcaso ser\u00e9 yo, Rab\u00ed? \u2014le dijo Judas, el que lo iba a traicionar.\n\u2015T\u00fa lo has dicho \u2014le contest\u00f3 Jes\u00fas.<\/p><cite><strong><strong><strong><strong><strong><strong>Mateo 26:20-25 (NVI CST)<\/strong><\/strong><\/strong><\/strong><\/strong><\/strong><\/cite><\/blockquote>\n\n\n\n<p>Cuando Jes\u00fas dijo que uno de ellos le traicionar\u00eda, los disc\u00edpulos no se volvieron todos a mirar a Judas. \u00bfY por qu\u00e9 iban a hacerlo? Judas era uno de ellos, un amigo de confianza. Hab\u00eda sido testigo de los milagros de Jes\u00fas y hab\u00eda escuchado sus ense\u00f1anzas. En ese momento, en lugar de centrarse en Judas, cada uno de los disc\u00edpulos se pregunt\u00f3 si Jes\u00fas estaba hablando de ellos.&nbsp;<\/p>\n\n\n\n<hr class=\"wp-block-separator is-style-dots\"\/>\n\n\n\n<h5 class=\"has-text-align-center wp-block-heading\" id=\"haz-una-pausa-y-ora\"><em>Haz una pausa y ora<\/em><\/h5>\n\n\n\n<hr class=\"wp-block-separator is-style-dots\"\/>\n\n\n\n<h3 class=\"wp-block-heading\" id=\"oracion-de-rendicion\"><strong>Oraci\u00f3n de Rendici\u00f3n<\/strong><\/h3>\n\n\n\n<p><em>Se\u00f1or Jes\u00fas: soy inc\u00f3modamente consciente de las veces que te he defraudado; en mis acciones, mis palabras y mis pensamientos. Al entregarte hoy mi sentido de la verg\u00fcenza, oro las famosas palabras del antiguo comerciante de esclavos, John Newton:<\/em><br><br><em>\u2018Sublime Gracia del Se\u00f1or<\/em><br><em>Que a un infeliz salv\u00f3<\/em><br><em>Fui ciego m\u00e1s hoy miro yo<\/em>&gt;<br><em>Perdido y \u00c9l me hall\u00f3\u2019.<\/em><br><\/p>\n\n\n\n<h3 class=\"wp-block-heading\" id=\"oracion-de-rendicion\"><strong><strong>Promesa de Rendici\u00f3n<\/strong><\/strong><\/h3>\n\n\n\n<p>Y ahora, mientras me preparo para llevar este tiempo de oraci\u00f3n al d\u00eda que tengo por delante, el Se\u00f1or, que me ama, dice en Judas que \u00c9l es el:&nbsp;<\/p>\n\n\n\n<blockquote class=\"wp-block-quote is-layout-flow wp-block-quote-is-layout-flow\"><p>\u2026que puede guardarme para que no caiga y presentarme sin tacha y con gran alegr\u00eda ante su gloriosa presencia.<\/p><cite><strong><strong><strong><strong><strong><strong>Judas 1:24 (NVI CST)<\/strong><\/strong><\/strong><\/strong><\/strong><\/strong><\/cite><\/blockquote>\n\n\n\n<div style=\"height:28px\" aria-hidden=\"true\" class=\"wp-block-spacer\"><\/div>\n\n\n\n<h3 class=\"wp-block-heading\" id=\"oracion-de-rendicion\"><strong>Oraci\u00f3n para concluir<\/strong><\/h3>\n\n\n\n<p><strong>Padre, ay\u00fadame a vivir este d\u00eda al m\u00e1ximo, siendo aut\u00e9ntico contigo en todo. <\/strong><br><strong>Jes\u00fas, ay\u00fadame a darme a los dem\u00e1s, siendo amable con toda la gente con la que me encuentre. <\/strong><br><strong>Esp\u00edritu, ay\u00fadame a amar a la gente que se encuentra perdida, proclamando a Cristo en todo lo que digo y hago.&nbsp;<br>Am\u00e9n.<\/strong><\/p>\n","protected":false},"excerpt":{"rendered":"<p>Hoy es lunes, 14 de marzo y esta semana vamos a meditar en los acontecimientos que tuvieron lugar el d\u00eda anterior a la crucifixi\u00f3n de Jes\u00fas, seg\u00fan los narra el evangelio de Mateo. Haz una pausa Ahora, al iniciar mi tiempo de oraci\u00f3n, hago una pausa para estar quieto; para respirar lentamente, para re-centrar mis [&hellip;]<\/p>\n","protected":false},"author":216,"featured_media":8621,"comment_status":"closed","ping_status":"open","sticky":false,"template":"","format":"standard","meta":{"_acf_changed":false,"inline_featured_image":false,"footnotes":""},"categories":[369,206],"tags":[],"author_slug":[370],"blog_series":[383],"topic":[353],"class_list":["post-8843","post","type-post","status-publish","format-standard","has-post-thumbnail","hentry","category-lectio365","category-blog-es","author_slug-oracion-24-7","blog_series-la-pasion","topic-orar"],"acf":[],"_links":{"self":[{"href":"https:\/\/staging.24-7prayer.com\/es\/wp-json\/wp\/v2\/posts\/8843","targetHints":{"allow":["GET"]}}],"collection":[{"href":"https:\/\/staging.24-7prayer.com\/es\/wp-json\/wp\/v2\/posts"}],"about":[{"href":"https:\/\/staging.24-7prayer.com\/es\/wp-json\/wp\/v2\/types\/post"}],"author":[{"embeddable":true,"href":"https:\/\/staging.24-7prayer.com\/es\/wp-json\/wp\/v2\/users\/216"}],"replies":[{"embeddable":true,"href":"https:\/\/staging.24-7prayer.com\/es\/wp-json\/wp\/v2\/comments?post=8843"}],"version-history":[{"count":9,"href":"https:\/\/staging.24-7prayer.com\/es\/wp-json\/wp\/v2\/posts\/8843\/revisions"}],"predecessor-version":[{"id":8863,"href":"https:\/\/staging.24-7prayer.com\/es\/wp-json\/wp\/v2\/posts\/8843\/revisions\/8863"}],"wp:featuredmedia":[{"embeddable":true,"href":"https:\/\/staging.24-7prayer.com\/es\/wp-json\/wp\/v2\/media\/8621"}],"wp:attachment":[{"href":"https:\/\/staging.24-7prayer.com\/es\/wp-json\/wp\/v2\/media?parent=8843"}],"wp:term":[{"taxonomy":"category","embeddable":true,"href":"https:\/\/staging.24-7prayer.com\/es\/wp-json\/wp\/v2\/categories?post=8843"},{"taxonomy":"post_tag","embeddable":true,"href":"https:\/\/staging.24-7prayer.com\/es\/wp-json\/wp\/v2\/tags?post=8843"},{"taxonomy":"author_slug","embeddable":true,"href":"https:\/\/staging.24-7prayer.com\/es\/wp-json\/wp\/v2\/author_slug?post=8843"},{"taxonomy":"blog_series","embeddable":true,"href":"https:\/\/staging.24-7prayer.com\/es\/wp-json\/wp\/v2\/blog_series?post=8843"},{"taxonomy":"topic","embeddable":true,"href":"https:\/\/staging.24-7prayer.com\/es\/wp-json\/wp\/v2\/topic?post=8843"}],"curies":[{"name":"wp","href":"https:\/\/api.w.org\/{rel}","templated":true}]}}