{"id":8779,"date":"2022-03-08T05:00:00","date_gmt":"2022-03-08T05:00:00","guid":{"rendered":"https:\/\/staging.24-7prayer.com\/?p=8779"},"modified":"2022-03-08T06:10:26","modified_gmt":"2022-03-08T06:10:26","slug":"que-desperdicio","status":"publish","type":"post","link":"https:\/\/staging.24-7prayer.com\/es\/que-desperdicio\/","title":{"rendered":"Qu\u00e9 desperdicio"},"content":{"rendered":"\n<div class=\"wp-block-buttons is-content-justification-center is-layout-flex wp-container-core-buttons-is-layout-a89b3969 wp-block-buttons-is-layout-flex\"><\/div>\n\n\n\n<iframe loading=\"lazy\" style=\"border-radius:12px\" src=\"https:\/\/open.spotify.com\/embed\/show\/6stSy5pU6jhldWvyb20Tew?utm_source=generator\" width=\"100%\" height=\"232\" frameborder=\"0\" allowfullscreen=\"\" allow=\"autoplay; clipboard-write; encrypted-media; fullscreen; picture-in-picture\"><\/iframe>\n\n\n\n<p>Hoy es martes, 8 de marzo. Es el D\u00eda Internacional de la Mujer y hoy meditamos en la devoci\u00f3n radical de una de las seguidoras de Jes\u00fas.<br>Juntos vamos a orar (<strong>O.R.A.R.<\/strong>) de forma muy sencilla cada d\u00eda &#8211; \u2018<strong>O<\/strong>\u2019: OBSERVAR\/parar y estar quietos. \u2018<strong>R<\/strong>\u2019 &#8211; REGOCIJARNOS con un Salmo y REFLEXIONAR en un pasaje de la Biblia. \u2018<strong>A<\/strong>\u2019 &#8211; APELAR\/pedir a Dios que nos ayude a nosotros y a los dem\u00e1s y \u2018<strong>R<\/strong>\u2019 &#8211; RENDIRNOS a su voluntad en nuestras vidas pase lo que pase.<\/p>\n\n\n\n<h3 class=\"wp-block-heading\" id=\"haz-una-pausa\">Haz una pausa<\/h3>\n\n\n\n<p><strong><em><strong><em><strong><em><strong><em><strong><em>Ahora, al iniciar mi tiempo de oraci\u00f3n, hago una pausa para estar quieta; para respirar lentamente, para re-centrar mis sentidos, que se encuentran dispersos, delante de la presencia de Dios.<\/em><\/strong><\/em><\/strong><\/em><\/strong><\/em><\/strong><\/em><\/strong><\/p>\n\n\n\n<hr class=\"wp-block-separator is-style-dots\"\/>\n\n\n\n<h5 class=\"has-text-align-center wp-block-heading\" id=\"haz-una-pausa-y-ora\"><em>Haz una pausa y ora<\/em><\/h5>\n\n\n\n<hr class=\"wp-block-separator is-style-dots\"\/>\n\n\n\n<h3 class=\"wp-block-heading\" id=\"haz-una-pausa\">Oraci\u00f3n de Enfoque<\/h3>\n\n\n\n<p><em><em><em><em>Jes\u00fas, T\u00fa eres el camino, la verdad y la vida. A trav\u00e9s de esta \u00e9poca de Cuaresma, mientras medito en tu Santa Pasi\u00f3n, que mi amor sea reavivado, para que pueda vivir sacrificada y enteramente para Ti.<\/em><\/em><\/em><\/em><\/p>\n\n\n\n<div style=\"height:59px\" aria-hidden=\"true\" class=\"wp-block-spacer\"><\/div>\n\n\n\n<h3 class=\"wp-block-heading\" id=\"regocijarse-y-reflexionar\">Regocijarse y Reflexionar<\/h3>\n\n\n\n<p>Hoy escojo regocijarme en la justicia y el gozo de Dios, uni\u00e9ndome a la alabanza ancestral de todo el pueblo de Dios en las palabras del Salmo 45\u2026<\/p>\n\n\n\n<blockquote class=\"wp-block-quote is-layout-flow wp-block-quote-is-layout-flow\"><p>Tu trono, oh Dios, permanece por siempre y para siempre.<br>     T\u00fa gobiernas con un cetro de justicia. <br>Amas la justicia y odias la maldad.<br>     Por eso Dios\u2014tu Dios\u2014te ha ungido<br>     derramando el aceite de alegr\u00eda sobre ti m\u00e1s que sobre cualquier otro.<\/p><cite><strong><strong><strong><strong>Salmo 45:6,7 (NTV)<\/strong><\/strong><\/strong><\/strong><\/cite><\/blockquote>\n\n\n\n<hr class=\"wp-block-separator is-style-dots\"\/>\n\n\n\n<h5 class=\"has-text-align-center wp-block-heading\" id=\"haz-una-pausa-y-ora\"><em>Haz una pausa y ora<\/em><\/h5>\n\n\n\n<hr class=\"wp-block-separator is-style-dots\"\/>\n\n\n\n<p>Ha sido un tiempo intenso y ajetreado en Jerusal\u00e9n, y Jes\u00fas se retira a la cercana Betania para comer con sus amigos&#8230;<\/p>\n\n\n\n<blockquote class=\"wp-block-quote is-layout-flow wp-block-quote-is-layout-flow\"><p>Estando Jes\u00fas en Betania, en casa de Sim\u00f3n llamado el Leproso, se acerc\u00f3 una mujer con un frasco de alabastro lleno de un perfume muy caro, y lo derram\u00f3 sobre la cabeza de Jes\u00fas mientras \u00e9l estaba sentado a la mesa. <br><br>Al ver esto, los disc\u00edpulos se indignaron. <br><br>\u2015\u00bfPara qu\u00e9 este desperdicio? \u2014dijeron\u2014. Pod\u00eda haberse vendido este perfume por mucho dinero para darlo a los pobres.<\/p><cite><strong><strong><strong><strong>Mateo 26:6-9 (NVI CST)<\/strong><\/strong><\/strong><\/strong><\/cite><\/blockquote>\n\n\n\n<p>Muchos se pasan la vida acumulando &#8220;ahorros&#8221;, ya sea acumulando el valor de una casa o un saldo considerable en su cuenta de pensiones. Ahorros guardados para cuando lleguen malos tiempos. Este frasco de alabastro era el equivalente a los ahorros de una vida en el siglo I; habr\u00eda sido la seguridad financiera de esta mujer para su futuro. Seguridad que desperdicia en un \u00fanico y escandaloso acto de devoci\u00f3n.<\/p>\n\n\n\n<div style=\"height:59px\" aria-hidden=\"true\" class=\"wp-block-spacer\"><\/div>\n\n\n\n<h3 class=\"wp-block-heading\" id=\"apelar-pedir\"><strong>Apelar \/ Pedir<\/strong><\/h3>\n\n\n\n<p>\u00bfEscandalizar\u00eda a alguien mi nivel de devoci\u00f3n por Jes\u00fas?<br><br><em>Jes\u00fas: confieso que puedo darte por hecho; que mi coraz\u00f3n es a menudo tibio; mi devoci\u00f3n tenue. A menudo ni siquiera se me ocurre derramar mi persona y mis recursos como un regalo para ti.<\/em><\/p>\n\n\n\n<hr class=\"wp-block-separator is-style-dots\"\/>\n\n\n\n<h5 class=\"has-text-align-center wp-block-heading\" id=\"haz-una-pausa-y-ora\"><em>Haz una pausa y ora<\/em><\/h5>\n\n\n\n<hr class=\"wp-block-separator is-style-dots\"\/>\n\n\n\n<p><em>Dios: crea una generaci\u00f3n de amantes extravagantes. Aquellos que desperdician sus vidas y se gastan imprudentemente y sin cuidado sencillamente porque T\u00fa eres digno; sencillamente porque T\u00fa eres precioso.<\/em><\/p>\n\n\n\n<hr class=\"wp-block-separator is-style-dots\"\/>\n\n\n\n<h5 class=\"has-text-align-center wp-block-heading\" id=\"haz-una-pausa-y-ora\"><em>Haz una pausa y ora<\/em><\/h5>\n\n\n\n<hr class=\"wp-block-separator is-style-dots\"\/>\n\n\n\n<h2 class=\"wp-block-heading\" id=\"rendirse\"><strong>Rendirs<\/strong>e<\/h2>\n\n\n\n<p><strong><strong><strong><em>Al volver al pasaje, abro mis o\u00eddos para escuchar tu Palabra, y mi coraz\u00f3n para rendirme a tu voluntad una vez m\u00e1s.<\/em><\/strong><\/strong><\/strong><\/p>\n\n\n\n<blockquote class=\"wp-block-quote is-layout-flow wp-block-quote-is-layout-flow\"><p>Estando Jes\u00fas en Betania, en casa de Sim\u00f3n llamado el Leproso, se acerc\u00f3 una mujer con un frasco de alabastro lleno de un perfume muy caro, y lo derram\u00f3 sobre la cabeza de Jes\u00fas mientras \u00e9l estaba sentado a la mesa. <br><br>Al ver esto, los disc\u00edpulos se indignaron. <br><br>\u2015\u00bfPara qu\u00e9 este desperdicio? \u2014dijeron\u2014. Pod\u00eda haberse vendido este perfume por mucho dinero para darlo a los pobres.<\/p><cite><strong><strong><strong><strong>Mateo 26:6-9 (NVI CST)<\/strong><\/strong><\/strong><\/strong><\/cite><\/blockquote>\n\n\n\n<p>Hora de confesarse. Odio el despilfarro. Puedo ser compulsivamente productiva; quiero que cada momento cuente, que cada uno de mis recursos sea aprovechado al m\u00e1ximo. Me veo reflejada en los disc\u00edpulos que se escandalizan ante el derroche.&nbsp;<br><br><em>Dios: ay\u00fadame a comprender y a convertirme&nbsp; en la clase de ofrenda que te agrada.<\/em><\/p>\n\n\n\n<hr class=\"wp-block-separator is-style-dots\"\/>\n\n\n\n<h5 class=\"has-text-align-center wp-block-heading\" id=\"haz-una-pausa-y-ora\"><em>Haz una pausa y ora<\/em><\/h5>\n\n\n\n<hr class=\"wp-block-separator is-style-dots\"\/>\n\n\n\n<h3 class=\"wp-block-heading\" id=\"oracion-de-rendicion\"><strong>Oraci\u00f3n de Rendici\u00f3n<\/strong><\/h3>\n\n\n\n<p><em><em>Me rindo hoy con las palabras de una canci\u00f3n que nuestra amiga Jill escribi\u00f3 en su juventud:<\/em><\/em><\/p>\n\n\n\n<blockquote class=\"wp-block-quote is-layout-flow wp-block-quote-is-layout-flow\"><p>Soy como el frasco de alabastro, roto para ungir a mi maestro. <br>El aceite precioso, el perfume de mi vida, es todo lo que tengo para aportar. <br>Lo veo gotear suavemente, sobre tu cabeza, tu barba, tu vestido. <br>Lo gastar\u00e9 todo, lo dar\u00e9 todo.<br>Quiero ser una ofrenda. <\/p><cite><strong><strong><strong>Jill Weber, <em>Make My Life a Prayer<\/em>.&nbsp;<\/strong><\/strong><\/strong><\/cite><\/blockquote>\n\n\n\n<h3 class=\"wp-block-heading\" id=\"oracion-de-rendicion\"><strong><strong>Promesa de Rendici\u00f3n<\/strong><\/strong><\/h3>\n\n\n\n<p>Y ahora, mientras me preparo para llevar este tiempo de oraci\u00f3n al d\u00eda que tengo por delante, el Se\u00f1or, que me ama, dice en el libro de Daniel\u2026<\/p>\n\n\n\n<blockquote class=\"wp-block-quote is-layout-flow wp-block-quote-is-layout-flow\"><p>Pero los santos del Alt\u00edsimo recibir\u00e1n el reino, y ser\u00e1 suyo para siempre, \u00a1para siempre jam\u00e1s!.<\/p><cite><strong><strong><strong><strong>Daniel 7:18<\/strong><\/strong><\/strong><\/strong><\/cite><\/blockquote>\n\n\n\n<div style=\"height:28px\" aria-hidden=\"true\" class=\"wp-block-spacer\"><\/div>\n\n\n\n<h3 class=\"wp-block-heading\" id=\"oracion-de-rendicion\"><strong>Oraci\u00f3n para concluir<\/strong><\/h3>\n\n\n\n<p><strong>Padre, ay\u00fadame a vivir este d\u00eda al m\u00e1ximo, siendo aut\u00e9ntica contigo en todo. <\/strong><br><strong>Jes\u00fas, ay\u00fadame a darme a los dem\u00e1s, siendo amable con toda la gente con la que me encuentre. <\/strong><br><strong>Esp\u00edritu, ay\u00fadame a amar a la gente que se encuentra perdida, proclamando a Cristo en todo lo que digo y hago.&nbsp;<br>Am\u00e9n.<\/strong><\/p>\n","protected":false},"excerpt":{"rendered":"<p>Hoy es martes, 8 de marzo. Es el D\u00eda Internacional de la Mujer y hoy meditamos en la devoci\u00f3n radical de una de las seguidoras de Jes\u00fas.Juntos vamos a orar (O.R.A.R.) de forma muy sencilla cada d\u00eda &#8211; \u2018O\u2019: OBSERVAR\/parar y estar quietos. \u2018R\u2019 &#8211; REGOCIJARNOS con un Salmo y REFLEXIONAR en un pasaje de [&hellip;]<\/p>\n","protected":false},"author":216,"featured_media":8621,"comment_status":"closed","ping_status":"open","sticky":false,"template":"","format":"standard","meta":{"_acf_changed":false,"inline_featured_image":false,"footnotes":""},"categories":[369,206],"tags":[],"author_slug":[370],"blog_series":[383],"topic":[353],"class_list":["post-8779","post","type-post","status-publish","format-standard","has-post-thumbnail","hentry","category-lectio365","category-blog-es","author_slug-oracion-24-7","blog_series-la-pasion","topic-orar"],"acf":[],"_links":{"self":[{"href":"https:\/\/staging.24-7prayer.com\/es\/wp-json\/wp\/v2\/posts\/8779","targetHints":{"allow":["GET"]}}],"collection":[{"href":"https:\/\/staging.24-7prayer.com\/es\/wp-json\/wp\/v2\/posts"}],"about":[{"href":"https:\/\/staging.24-7prayer.com\/es\/wp-json\/wp\/v2\/types\/post"}],"author":[{"embeddable":true,"href":"https:\/\/staging.24-7prayer.com\/es\/wp-json\/wp\/v2\/users\/216"}],"replies":[{"embeddable":true,"href":"https:\/\/staging.24-7prayer.com\/es\/wp-json\/wp\/v2\/comments?post=8779"}],"version-history":[{"count":9,"href":"https:\/\/staging.24-7prayer.com\/es\/wp-json\/wp\/v2\/posts\/8779\/revisions"}],"predecessor-version":[{"id":8794,"href":"https:\/\/staging.24-7prayer.com\/es\/wp-json\/wp\/v2\/posts\/8779\/revisions\/8794"}],"wp:featuredmedia":[{"embeddable":true,"href":"https:\/\/staging.24-7prayer.com\/es\/wp-json\/wp\/v2\/media\/8621"}],"wp:attachment":[{"href":"https:\/\/staging.24-7prayer.com\/es\/wp-json\/wp\/v2\/media?parent=8779"}],"wp:term":[{"taxonomy":"category","embeddable":true,"href":"https:\/\/staging.24-7prayer.com\/es\/wp-json\/wp\/v2\/categories?post=8779"},{"taxonomy":"post_tag","embeddable":true,"href":"https:\/\/staging.24-7prayer.com\/es\/wp-json\/wp\/v2\/tags?post=8779"},{"taxonomy":"author_slug","embeddable":true,"href":"https:\/\/staging.24-7prayer.com\/es\/wp-json\/wp\/v2\/author_slug?post=8779"},{"taxonomy":"blog_series","embeddable":true,"href":"https:\/\/staging.24-7prayer.com\/es\/wp-json\/wp\/v2\/blog_series?post=8779"},{"taxonomy":"topic","embeddable":true,"href":"https:\/\/staging.24-7prayer.com\/es\/wp-json\/wp\/v2\/topic?post=8779"}],"curies":[{"name":"wp","href":"https:\/\/api.w.org\/{rel}","templated":true}]}}