{"id":8729,"date":"2022-03-06T05:00:00","date_gmt":"2022-03-06T05:00:00","guid":{"rendered":"https:\/\/staging.24-7prayer.com\/?p=8729"},"modified":"2022-03-16T16:15:42","modified_gmt":"2022-03-16T16:15:42","slug":"primera-oracion-de-sabbat-para-la-cuaresma","status":"publish","type":"post","link":"https:\/\/staging.24-7prayer.com\/es\/primera-oracion-de-sabbat-para-la-cuaresma\/","title":{"rendered":"Primera oraci\u00f3n de sabbat para La Cuaresma"},"content":{"rendered":"\n<div class=\"wp-block-buttons is-content-justification-center is-layout-flex wp-container-core-buttons-is-layout-a89b3969 wp-block-buttons-is-layout-flex\"><\/div>\n\n\n\n<iframe loading=\"lazy\" style=\"border-radius:12px\" src=\"https:\/\/open.spotify.com\/embed\/show\/6stSy5pU6jhldWvyb20Tew?utm_source=generator\" width=\"100%\" height=\"232\" frameborder=\"0\" allowfullscreen=\"\" allow=\"autoplay; clipboard-write; encrypted-media; fullscreen; picture-in-picture\"><\/iframe>\n\n\n\n<p>Hoy es domingo, 6 de marzo, un d\u00eda de descanso en el que interrumpimos nuestro ritmo semanal habitual con un tiempo de oraci\u00f3n m\u00e1s corto y sencillo.&nbsp;<\/p>\n\n\n\n<p>Durante la \u00e9poca de Cuaresma, los domingos se consideran un d\u00eda libre en anticipaci\u00f3n a la resurrecci\u00f3n de Cristo el Domingo de Resurrecci\u00f3n, dentro de seis semanas. A lo largo de la semana pasada hemos explorado la Pasi\u00f3n de Jes\u00fas en el libro de Mateo, pero hoy nos anticipamos y celebramos al Se\u00f1or Jesucristo vivo, que hace todas las cosas nuevas\u2026<\/p>\n\n\n\n<p>\u2018El sabbat no se trata principalmente de m\u00ed o de c\u00f3mo me beneficia; escribe el autor Eugene Peterson, \u2018se trata de Dios y c\u00f3mo Dios me forma. No se trata, en primer lugar, acerca de lo que yo hago o no hago; se trata de Dios completando y descansando y bendiciendo y santificando. Significa parar y estar callado el tiempo suficiente para ver, con los ojos abiertos de asombro &#8211; el asombro de la resurrecci\u00f3n\u2019.*<\/p>\n\n\n\n<p>Reflexionando en la muerte y la resurrecci\u00f3n de Jes\u00fas, el ap\u00f3stol Pablo escribe:<\/p>\n\n\n\n<blockquote class=\"wp-block-quote is-layout-flow wp-block-quote-is-layout-flow\"><p>Jesucristo: quien, siendo por naturaleza&nbsp;Dios,<br> &nbsp;&nbsp;&nbsp;&nbsp;no consider\u00f3 el ser igual a Dios como algo a qu\u00e9 aferrarse. <br>Por el contrario, se rebaj\u00f3 voluntariamente,<br> &nbsp;&nbsp;&nbsp;&nbsp;tomando la naturaleza&nbsp;de siervo<br> &nbsp;&nbsp;&nbsp;&nbsp;y haci\u00e9ndose semejante a los seres humanos. <br>Y, al manifestarse como hombre,<br> &nbsp;&nbsp;&nbsp;&nbsp;se humill\u00f3 a s\u00ed mismo <br>y se hizo obediente hasta la muerte,<br> &nbsp;&nbsp;&nbsp;&nbsp;\u00a1y muerte de cruz!&nbsp;<\/p><cite><strong><strong><strong><strong>Filipenses 2:6-8 (NVI CST)<\/strong><\/strong><\/strong><\/strong><\/cite><\/blockquote>\n\n\n\n<hr class=\"wp-block-separator is-style-dots\"\/>\n\n\n\n<h5 class=\"has-text-align-center wp-block-heading\" id=\"haz-una-pausa-y-ora\"><em>Haz una pausa y ora<\/em><\/h5>\n\n\n\n<hr class=\"wp-block-separator is-style-dots\"\/>\n\n\n\n<p><em>Padre: gracias por entregar tu \u00fanico y amado Hijo para que cualquiera que cree en \u00c9l no se pierda, sino que tenga vida eterna. \u00a1\u00c9l ha resucitado! \u00a1He resucitado! \u00a1Aleluya!<\/em><\/p>\n\n\n\n<hr class=\"wp-block-separator is-style-dots\"\/>\n\n\n\n<h5 class=\"has-text-align-center wp-block-heading\" id=\"haz-una-pausa-y-ora\"><em>Haz una pausa y ora<\/em><\/h5>\n\n\n\n<hr class=\"wp-block-separator is-style-dots\"\/>\n\n\n\n<p><em><em>Jes\u00fas: T\u00fa eres el que vive; estabas muerto y ahora, \u00a1Est\u00e1s vivo por siempre jam\u00e1s! Y he aqu\u00ed que T\u00fa haces todo nuevo. \u00a1Has resucitado! \u00a1He resucitado! \u00a1Aleluya!<\/em><\/em><\/p>\n\n\n\n<hr class=\"wp-block-separator is-style-dots\"\/>\n\n\n\n<h5 class=\"has-text-align-center wp-block-heading\" id=\"haz-una-pausa-y-ora\"><em>Haz una pausa y ora<\/em><\/h5>\n\n\n\n<hr class=\"wp-block-separator is-style-dots\"\/>\n\n\n\n<p><em>Esp\u00edritu Santo: gracias porque t\u00fa, el mismo Esp\u00edritu que levant\u00f3 a Jesucristo de los muertos, vive hoy en m\u00ed, dando vida a mi cuerpo mortal. \u00a1\u00c9l ha resucitado! \u00a1He resucitado! \u00a1Aleluya!<\/em><\/p>\n\n\n\n<hr class=\"wp-block-separator is-style-dots\"\/>\n\n\n\n<h5 class=\"has-text-align-center wp-block-heading\" id=\"haz-una-pausa-y-ora\"><em>Haz una pausa y ora<\/em><\/h5>\n\n\n\n<hr class=\"wp-block-separator is-style-dots\"\/>\n\n\n\n<p>Tomo un momento ahora para enraizar estas oraciones en mi vida y en mi comunidad. Oro por alguien ahora que necesita experimentar la vida de resurrecci\u00f3n hoy.<\/p>\n\n\n\n<hr class=\"wp-block-separator is-style-dots\"\/>\n\n\n\n<h5 class=\"has-text-align-center wp-block-heading\" id=\"haz-una-pausa-y-ora\"><em>Haz una pausa y ora<\/em><\/h5>\n\n\n\n<hr class=\"wp-block-separator is-style-dots\"\/>\n\n\n\n<p><strong><strong>Pablo sigue diciendo en Filipenses:<\/strong><\/strong><\/p>\n\n\n\n<blockquote class=\"wp-block-quote is-layout-flow wp-block-quote-is-layout-flow\"><p>Por eso Dios le exalt\u00f3 hasta lo sumo y le otorg\u00f3 el nombre<br> &nbsp;&nbsp;&nbsp;&nbsp;que est\u00e1 sobre todo nombre, <br>para que ante el nombre de Jes\u00fas<br> &nbsp;&nbsp;&nbsp;&nbsp;se doble toda rodilla <br>en el cielo y en la tierra<br> &nbsp;&nbsp;&nbsp;&nbsp;y debajo de la tierra, <br>y toda lengua confiese que Jesucristo es el Se\u00f1or,<br> &nbsp;&nbsp;&nbsp;&nbsp;para gloria de Dios Padre.&nbsp;<\/p><cite><strong><strong><strong><strong>Filipenses 2:9-11 (NVI CST)<\/strong><\/strong><\/strong><\/strong><\/cite><\/blockquote>\n\n\n\n<p>\u00a1Ha resucitado!<br>\u00a1He resucitado!<br>\u00a1Aleluya!<\/p>\n\n\n\n<hr class=\"wp-block-separator is-style-dots\"\/>\n\n\n\n<h5 class=\"has-text-align-center wp-block-heading\" id=\"haz-una-pausa-y-ora\"><em>Haz una pausa y ora<\/em><\/h5>\n\n\n\n<hr class=\"wp-block-separator is-style-dots\"\/>\n\n\n\n<h2 class=\"wp-block-heading\" id=\"oracion-para-concluir\"><strong>Oraci\u00f3n para concluir:<\/strong><\/h2>\n\n\n\n<p><strong><em>Que este d\u00eda traiga el descanso del Sabbat a mi coraz\u00f3n y a mi hogar.<\/em><br><em>Que la imagen de Dios sea restaurada en m\u00ed, que mi imaginaci\u00f3n sea reformada en Dios.<\/em><br><em>Que la gravedad de las cosas materiales se aligere, y la relatividad del tiempo se ralentice.<\/em><br><em>Que conozca la gracia para poder abrazar mi propia peque\u00f1ez finita en los brazos de la grandeza infinita de Dios.<\/em><br><em>Que la Palabra de Dios me libere y su Esp\u00edritu me dirija en la semana que comienza y la vida que tengo por delante. **<\/em><br><br><\/strong><\/p>\n\n\n\n<p>* Eugene Peterson, <em>Christ Plays in Ten Thousand Places<\/em> (p. 116-117)<\/p>\n\n\n\n<p>** Pete Greig, A Sabbath Blessing, <a href=\"http:\/\/www.petegreig.info\/\">www.petegreig.info<\/a><\/p>\n\n\n\n<div style=\"height:59px\" aria-hidden=\"true\" class=\"wp-block-spacer\"><\/div>\n","protected":false},"excerpt":{"rendered":"<p>Hoy es domingo, 6 de marzo, un d\u00eda de descanso en el que interrumpimos nuestro ritmo semanal habitual con un tiempo de oraci\u00f3n m\u00e1s corto y sencillo.&nbsp; Durante la \u00e9poca de Cuaresma, los domingos se consideran un d\u00eda libre en anticipaci\u00f3n a la resurrecci\u00f3n de Cristo el Domingo de Resurrecci\u00f3n, dentro de seis semanas. A [&hellip;]<\/p>\n","protected":false},"author":216,"featured_media":8730,"comment_status":"closed","ping_status":"open","sticky":false,"template":"","format":"standard","meta":{"_acf_changed":false,"inline_featured_image":false,"footnotes":""},"categories":[369,206],"tags":[],"author_slug":[370],"blog_series":[383],"topic":[353],"class_list":["post-8729","post","type-post","status-publish","format-standard","has-post-thumbnail","hentry","category-lectio365","category-blog-es","author_slug-oracion-24-7","blog_series-la-pasion","topic-orar"],"acf":[],"_links":{"self":[{"href":"https:\/\/staging.24-7prayer.com\/es\/wp-json\/wp\/v2\/posts\/8729","targetHints":{"allow":["GET"]}}],"collection":[{"href":"https:\/\/staging.24-7prayer.com\/es\/wp-json\/wp\/v2\/posts"}],"about":[{"href":"https:\/\/staging.24-7prayer.com\/es\/wp-json\/wp\/v2\/types\/post"}],"author":[{"embeddable":true,"href":"https:\/\/staging.24-7prayer.com\/es\/wp-json\/wp\/v2\/users\/216"}],"replies":[{"embeddable":true,"href":"https:\/\/staging.24-7prayer.com\/es\/wp-json\/wp\/v2\/comments?post=8729"}],"version-history":[{"count":11,"href":"https:\/\/staging.24-7prayer.com\/es\/wp-json\/wp\/v2\/posts\/8729\/revisions"}],"predecessor-version":[{"id":8884,"href":"https:\/\/staging.24-7prayer.com\/es\/wp-json\/wp\/v2\/posts\/8729\/revisions\/8884"}],"wp:featuredmedia":[{"embeddable":true,"href":"https:\/\/staging.24-7prayer.com\/es\/wp-json\/wp\/v2\/media\/8730"}],"wp:attachment":[{"href":"https:\/\/staging.24-7prayer.com\/es\/wp-json\/wp\/v2\/media?parent=8729"}],"wp:term":[{"taxonomy":"category","embeddable":true,"href":"https:\/\/staging.24-7prayer.com\/es\/wp-json\/wp\/v2\/categories?post=8729"},{"taxonomy":"post_tag","embeddable":true,"href":"https:\/\/staging.24-7prayer.com\/es\/wp-json\/wp\/v2\/tags?post=8729"},{"taxonomy":"author_slug","embeddable":true,"href":"https:\/\/staging.24-7prayer.com\/es\/wp-json\/wp\/v2\/author_slug?post=8729"},{"taxonomy":"blog_series","embeddable":true,"href":"https:\/\/staging.24-7prayer.com\/es\/wp-json\/wp\/v2\/blog_series?post=8729"},{"taxonomy":"topic","embeddable":true,"href":"https:\/\/staging.24-7prayer.com\/es\/wp-json\/wp\/v2\/topic?post=8729"}],"curies":[{"name":"wp","href":"https:\/\/api.w.org\/{rel}","templated":true}]}}