{"id":8717,"date":"2022-03-05T05:00:00","date_gmt":"2022-03-05T05:00:00","guid":{"rendered":"https:\/\/staging.24-7prayer.com\/?p=8717"},"modified":"2022-03-07T15:19:47","modified_gmt":"2022-03-07T15:19:47","slug":"servir-o-ser-servido","status":"publish","type":"post","link":"https:\/\/staging.24-7prayer.com\/es\/servir-o-ser-servido\/","title":{"rendered":"\u00bfServir o ser servido?"},"content":{"rendered":"\n<iframe loading=\"lazy\" style=\"border-radius:12px\" src=\"https:\/\/open.spotify.com\/embed\/show\/6stSy5pU6jhldWvyb20Tew?utm_source=generator\" width=\"100%\" height=\"232\" frameborder=\"0\" allowfullscreen=\"\" allow=\"autoplay; clipboard-write; encrypted-media; fullscreen; picture-in-picture\"><\/iframe>\n\n\n\n<p>Hoy es s\u00e1bado, 5 de marzo y esta semana nos embarcamos en nuestra serie de La Cuaresma, y viajamos con Jes\u00fas hacia la cruz.<\/p>\n\n\n\n<h3 class=\"wp-block-heading\" id=\"haz-una-pausa\">Haz una pausa<\/h3>\n\n\n\n<p><strong><em><strong><em><strong><em><strong><em><strong><em>Ahora, al iniciar mi tiempo de oraci\u00f3n, hago una pausa para estar quieto; para respirar lentamente, para re-centrar mis sentidos, que se encuentran dispersos, delante de la presencia de Dios.<\/em><\/strong><\/em><\/strong><\/em><\/strong><\/em><\/strong><\/em><\/strong><\/p>\n\n\n\n<hr class=\"wp-block-separator is-style-dots\"\/>\n\n\n\n<h5 class=\"has-text-align-center wp-block-heading\" id=\"haz-una-pausa-y-ora\"><em>Haz una pausa y ora<\/em><\/h5>\n\n\n\n<hr class=\"wp-block-separator is-style-dots\"\/>\n\n\n\n<h3 class=\"wp-block-heading\" id=\"haz-una-pausa\">Oraci\u00f3n de Enfoque<\/h3>\n\n\n\n<p><em><em><em><em>Jes\u00fas, T\u00fa eres el camino, la verdad y la vida. A trav\u00e9s de esta \u00e9poca de Cuaresma, mientras medito en tu Santa Pasi\u00f3n, que mi amor sea reavivado, para que pueda vivir sacrificada y enteramente para Ti.<\/em><\/em><\/em><\/em><\/p>\n\n\n\n<div style=\"height:59px\" aria-hidden=\"true\" class=\"wp-block-spacer\"><\/div>\n\n\n\n<h3 class=\"wp-block-heading\" id=\"regocijarse-y-reflexionar\">Regocijarse y Reflexionar<\/h3>\n\n\n\n<p>Hoy escojo regocijarme tan solo en Dios, uni\u00e9ndome a la alabanza ancestral de todo el pueblo de Dios en las palabras del Salmo 27&#8230;<\/p>\n\n\n\n<blockquote class=\"wp-block-quote is-layout-flow wp-block-quote-is-layout-flow\"><p>Lo \u00fanico que le pido al&nbsp;Se\u00f1or<br> &nbsp;&nbsp;&nbsp;&nbsp;\u2014lo que m\u00e1s anhelo\u2014 es vivir en la casa del&nbsp;Se\u00f1or&nbsp;todos los d\u00edas de mi vida,<br> &nbsp;&nbsp;&nbsp;&nbsp;deleit\u00e1ndome en la perfecci\u00f3n del&nbsp;Se\u00f1or<br> &nbsp;&nbsp;&nbsp;&nbsp;y meditando dentro de su templo.<\/p><cite><strong><strong><strong><strong>Salmo 27:4 (NTV)<\/strong><\/strong><\/strong><\/strong><\/cite><\/blockquote>\n\n\n\n<hr class=\"wp-block-separator is-style-dots\"\/>\n\n\n\n<h5 class=\"has-text-align-center wp-block-heading\" id=\"haz-una-pausa-y-ora\"><em>Haz una pausa y ora<\/em><\/h5>\n\n\n\n<hr class=\"wp-block-separator is-style-dots\"\/>\n\n\n\n<p>La madre de Jacobo y Juan hab\u00eda pedido a Jes\u00fas que les diera puestos de poder en su reino venidero. Hoy medito en la respuesta del resto de los disc\u00edpulos\u2026<\/p>\n\n\n\n<blockquote class=\"wp-block-quote is-layout-flow wp-block-quote-is-layout-flow\"><p>Cuando lo oyeron los otros diez, se indignaron contra los dos hermanos. Jes\u00fas les llam\u00f3 y les dijo:\n\u2015Como sab\u00e9is, los gobernantes de las naciones oprimen a los s\u00fabditos, y los altos oficiales abusan de su autoridad.&nbsp;Pero entre vosotros no debe ser as\u00ed. Al contrario, el que quiera hacerse grande entre vosotros deber\u00e1 ser vuestro servidor,&nbsp;y el que quiera ser el primero deber\u00e1 ser esclavo de los dem\u00e1s;&nbsp;as\u00ed como el Hijo del hombre no vino para que le sirvan, sino para servir y para dar su vida en rescate por muchos.<\/p><cite><strong><strong><strong><strong>Mateo 20:24-28 (NVI CST)<\/strong><\/strong><\/strong><\/strong><\/cite><\/blockquote>\n\n\n\n<p>La forma de medir la grandeza en el reino de Dios es totalmente distinta a lo que estoy acostumbrada. En el reino&nbsp; de Jes\u00fas, la grandeza crece con cada decisi\u00f3n de servir, y con cada decisi\u00f3n invisible y sin ego\u00edsmo.&nbsp;&nbsp;<\/p>\n\n\n\n<div style=\"height:59px\" aria-hidden=\"true\" class=\"wp-block-spacer\"><\/div>\n\n\n\n<h3 class=\"wp-block-heading\" id=\"apelar-pedir\"><strong>Apelar \/ Pedir<\/strong><\/h3>\n\n\n\n<p>Mientras pienso en el d\u00eda que tengo por delante, pienso en la gente con la que me voy a encontrar.<br><br><em>Jes\u00fas: ay\u00fadame a poner en pr\u00e1ctica la teor\u00eda, y mu\u00e9strame una forma especifica en la que puedo servir hoy a alguien.<\/em><\/p>\n\n\n\n<hr class=\"wp-block-separator is-style-dots\"\/>\n\n\n\n<h5 class=\"has-text-align-center wp-block-heading\" id=\"haz-una-pausa-y-ora\"><em>Haz una pausa y ora<\/em><\/h5>\n\n\n\n<hr class=\"wp-block-separator is-style-dots\"\/>\n\n\n\n<p>Pienso en alguien que me sirve normalmente -quiz\u00e1 es un miembro de mi familia, un amigo o compa\u00f1ero de trabajo; quiz\u00e1 es la persona que me da la bienvenida al llegar a la iglesia cada domingo.<br><br><em>Dios: te pido que les devuelvas el doble de la porci\u00f3n de energ\u00eda y cuidado que dan. Dame una palabra de \u00e1nimo para compartirla con ellos hoy.&nbsp;<\/em><\/p>\n\n\n\n<hr class=\"wp-block-separator is-style-dots\"\/>\n\n\n\n<h5 class=\"has-text-align-center wp-block-heading\" id=\"haz-una-pausa-y-ora\"><em>Haz una pausa y ora<\/em><\/h5>\n\n\n\n<hr class=\"wp-block-separator is-style-dots\"\/>\n\n\n\n<h2 class=\"wp-block-heading\" id=\"rendirse\"><strong>Rendirs<\/strong>e<\/h2>\n\n\n\n<p><strong><strong><strong>Al volver al pasaje escucho para encontrar una palabra o frase en particular que el Esp\u00edritu Santo me est\u00e9 resaltando&#8230;<\/strong><\/strong><\/strong><\/p>\n\n\n\n<blockquote class=\"wp-block-quote is-layout-flow wp-block-quote-is-layout-flow\"><p>Cuando lo oyeron los otros diez, se indignaron contra los dos hermanos. Jes\u00fas les llam\u00f3 y les dijo:\n\u2015Como sab\u00e9is, los gobernantes de las naciones oprimen a los s\u00fabditos, y los altos oficiales abusan de su autoridad.&nbsp;Pero entre vosotros no debe ser as\u00ed. Al contrario, el que quiera hacerse grande entre vosotros deber\u00e1 ser vuestro servidor,&nbsp;y el que quiera ser el primero deber\u00e1 ser esclavo de los dem\u00e1s;&nbsp;as\u00ed como el Hijo del hombre no vino para que le sirvan, sino para servir y para dar su vida en rescate por muchos.<\/p><cite><strong><strong><strong><strong>Mateo 20:24-28 (NVI CST)<\/strong><\/strong><\/strong><\/strong><\/cite><\/blockquote>\n\n\n\n<p>\u00bfQu\u00e9 palabra o frase me ha llamado la atenci\u00f3n de estos vers\u00edculos?&nbsp;<\/p>\n\n\n\n<p>A m\u00ed me ha llamado la atenci\u00f3n \u2018se indignaron\u2019. Me pregunto si los disc\u00edpulos estaban molestos porque pensaban que estaba mal que sus amigos le pidieran protagonismo a Jes\u00fas, o porque les habr\u00eda gustado haber pensado en ped\u00edrselo a Jes\u00fas primero.&nbsp;<\/p>\n\n\n\n<hr class=\"wp-block-separator is-style-dots\"\/>\n\n\n\n<h5 class=\"has-text-align-center wp-block-heading\" id=\"haz-una-pausa-y-ora\"><em>Haz una pausa y ora<\/em><\/h5>\n\n\n\n<hr class=\"wp-block-separator is-style-dots\"\/>\n\n\n\n<h3 class=\"wp-block-heading\" id=\"oracion-de-rendicion\"><strong><strong>Oraci\u00f3n de Rendici\u00f3n<\/strong><\/strong><\/h3>\n\n\n\n<p><em>Jes\u00fas: soy ambiciosa, pero hoy, dejo a un lado mis deseos para seguir tu camino. Me has amado tanto que entregaste tu vida a cambio de rescatar la m\u00eda. Ay\u00fadame a dar el primer paso entregando mis preferencias en favor de otros como un acto de adoraci\u00f3n a ti.<\/em><\/p>\n\n\n\n<h3 class=\"wp-block-heading\" id=\"oracion-de-rendicion\"><strong>Promesa de Rendici\u00f3n<\/strong><\/h3>\n\n\n\n<p>Y ahora, mientras me preparo para llevar este tiempo de oraci\u00f3n al d\u00eda que tengo por delante, el Y ahora, mientras me preparo para llevar este tiempo de oraci\u00f3n al d\u00eda que tengo por delante, el Se\u00f1or, que me ama, dice en G\u00e1latas:&nbsp;<\/p>\n\n\n\n<blockquote class=\"wp-block-quote is-layout-flow wp-block-quote-is-layout-flow\"><p>\u2015He sido crucificado con Cristo, y ya no vivo yo, sino que Cristo vive en m\u00ed.\n<\/p><cite><strong><strong><strong><strong>G\u00e1latas 2:20a (NVI CST)<\/strong><\/strong><\/strong><\/strong><\/cite><\/blockquote>\n\n\n\n<div style=\"height:28px\" aria-hidden=\"true\" class=\"wp-block-spacer\"><\/div>\n\n\n\n<h3 class=\"wp-block-heading\" id=\"oracion-de-rendicion\"><strong>Oraci\u00f3n para concluir<\/strong><\/h3>\n\n\n\n<p><strong>Padre, ay\u00fadame a vivir este d\u00eda al m\u00e1ximo, siendo aut\u00e9ntico contigo en todo. <\/strong><br><strong>Jes\u00fas, ay\u00fadame a darme a los dem\u00e1s, siendo amable con toda la gente con la que me encuentre. <\/strong><br><strong>Esp\u00edritu, ay\u00fadame a amar a la gente que se encuentra perdida, proclamando a Cristo en todo lo que digo y hago.\u00a0<br>Am\u00e9n.<\/strong><\/p>\n","protected":false},"excerpt":{"rendered":"<p>Hoy es s\u00e1bado, 5 de marzo y esta semana nos embarcamos en nuestra serie de La Cuaresma, y viajamos con Jes\u00fas hacia la cruz. Haz una pausa Ahora, al iniciar mi tiempo de oraci\u00f3n, hago una pausa para estar quieto; para respirar lentamente, para re-centrar mis sentidos, que se encuentran dispersos, delante de la presencia [&hellip;]<\/p>\n","protected":false},"author":216,"featured_media":8621,"comment_status":"closed","ping_status":"open","sticky":false,"template":"","format":"standard","meta":{"_acf_changed":false,"inline_featured_image":false,"footnotes":""},"categories":[369,206],"tags":[],"author_slug":[370],"blog_series":[383],"topic":[353],"class_list":["post-8717","post","type-post","status-publish","format-standard","has-post-thumbnail","hentry","category-lectio365","category-blog-es","author_slug-oracion-24-7","blog_series-la-pasion","topic-orar"],"acf":[],"_links":{"self":[{"href":"https:\/\/staging.24-7prayer.com\/es\/wp-json\/wp\/v2\/posts\/8717","targetHints":{"allow":["GET"]}}],"collection":[{"href":"https:\/\/staging.24-7prayer.com\/es\/wp-json\/wp\/v2\/posts"}],"about":[{"href":"https:\/\/staging.24-7prayer.com\/es\/wp-json\/wp\/v2\/types\/post"}],"author":[{"embeddable":true,"href":"https:\/\/staging.24-7prayer.com\/es\/wp-json\/wp\/v2\/users\/216"}],"replies":[{"embeddable":true,"href":"https:\/\/staging.24-7prayer.com\/es\/wp-json\/wp\/v2\/comments?post=8717"}],"version-history":[{"count":10,"href":"https:\/\/staging.24-7prayer.com\/es\/wp-json\/wp\/v2\/posts\/8717\/revisions"}],"predecessor-version":[{"id":8776,"href":"https:\/\/staging.24-7prayer.com\/es\/wp-json\/wp\/v2\/posts\/8717\/revisions\/8776"}],"wp:featuredmedia":[{"embeddable":true,"href":"https:\/\/staging.24-7prayer.com\/es\/wp-json\/wp\/v2\/media\/8621"}],"wp:attachment":[{"href":"https:\/\/staging.24-7prayer.com\/es\/wp-json\/wp\/v2\/media?parent=8717"}],"wp:term":[{"taxonomy":"category","embeddable":true,"href":"https:\/\/staging.24-7prayer.com\/es\/wp-json\/wp\/v2\/categories?post=8717"},{"taxonomy":"post_tag","embeddable":true,"href":"https:\/\/staging.24-7prayer.com\/es\/wp-json\/wp\/v2\/tags?post=8717"},{"taxonomy":"author_slug","embeddable":true,"href":"https:\/\/staging.24-7prayer.com\/es\/wp-json\/wp\/v2\/author_slug?post=8717"},{"taxonomy":"blog_series","embeddable":true,"href":"https:\/\/staging.24-7prayer.com\/es\/wp-json\/wp\/v2\/blog_series?post=8717"},{"taxonomy":"topic","embeddable":true,"href":"https:\/\/staging.24-7prayer.com\/es\/wp-json\/wp\/v2\/topic?post=8717"}],"curies":[{"name":"wp","href":"https:\/\/api.w.org\/{rel}","templated":true}]}}